{"dados":[{"ementa":"NOMEAR, o (a) Sr (a) ALINE DA ROCHA BENATI para o cargo que especifica.","dataAtualizacao":"2026-04-24 10:28:03","dataInicioVigencia":null,"dataFimVigencia":null,"data":"2026-04-23","numero":470,"categoria":"Portaria","situacao":"Em vigor","descricao":""},{"ementa":"EXONERAR, o (a) Sr (a) ALINE DA ROCHA BENATI, do cargo que especifica.","dataAtualizacao":"2026-04-24 10:27:20","dataInicioVigencia":null,"dataFimVigencia":null,"data":"2026-04-23","numero":469,"categoria":"Portaria","situacao":"Em vigor","descricao":""},{"ementa":"NOMEAR, o (a) Sr (a) SIDNEIA GONCALVES PEREIRA para o cargo que \r\nespecifica.","dataAtualizacao":"2026-04-24 10:26:21","dataInicioVigencia":null,"dataFimVigencia":null,"data":"2026-04-23","numero":468,"categoria":"Portaria","situacao":"Em vigor","descricao":""},{"ementa":"EXONERAR, o (a) Sr (a) SIDNEIA GONCALVES PEREIRA, do cargo que \r\nespecifica.","dataAtualizacao":"2026-04-24 10:25:30","dataInicioVigencia":null,"dataFimVigencia":null,"data":"2026-04-23","numero":467,"categoria":"Portaria","situacao":"Em vigor","descricao":""},{"ementa":"CONCEDER LICEN\u00c7A M\u00c9DICA ao (a) Sr (a). CELIA REGINA ALVES \r\nMACHADO.","dataAtualizacao":"2026-04-24 10:24:38","dataInicioVigencia":null,"dataFimVigencia":null,"data":"2026-04-22","numero":466,"categoria":"Portaria","situacao":"Em vigor","descricao":""},{"ementa":"REVOGAR PORTARIA DRH\/N\u00ba 190\/2026 que designou interinamente o (a) \r\nSr (a). REGIANE DE JESUS OLIVEIRA para exercer em substitui\u00e7\u00e3o o cargo \r\nque especifica.","dataAtualizacao":"2026-04-24 10:23:56","dataInicioVigencia":null,"dataFimVigencia":null,"data":"2026-04-22","numero":465,"categoria":"Portaria","situacao":"Em vigor","descricao":""},{"ementa":"EXONERAR, a pedido, o (a) Sr. (a) HILDA SILVA BARBOSA DIAS, do cargo que \r\nespecifica.","dataAtualizacao":"2026-04-24 10:22:40","dataInicioVigencia":null,"dataFimVigencia":null,"data":"2026-04-22","numero":464,"categoria":"Portaria","situacao":"Em vigor","descricao":""},{"ementa":"Disp\u00f5e sobre a prorroga\u00e7\u00e3o pelo prazo de 180 (cento e oitenta) dias, da contrata\u00e7\u00e3o \r\ntempor\u00e1ria de EXCEPCIONAL INTERESSE P\u00daBLICO e d\u00e1 outras provid\u00eancias.","dataAtualizacao":"2026-04-24 10:21:46","dataInicioVigencia":null,"dataFimVigencia":null,"data":"2026-04-17","numero":463,"categoria":"Portaria","situacao":"Em vigor","descricao":""},{"ementa":"Disp\u00f5e sobre a prorroga\u00e7\u00e3o pelo prazo de 180 (cento e oitenta) dias, da contrata\u00e7\u00e3o \r\ntempor\u00e1ria de EXCEPCIONAL INTERESSE P\u00daBLICO e d\u00e1 outras provid\u00eancias.","dataAtualizacao":"2026-04-24 10:20:21","dataInicioVigencia":null,"dataFimVigencia":null,"data":"2026-04-17","numero":462,"categoria":"Portaria","situacao":"Em vigor","descricao":""},{"ementa":"Prorroga a posse do (a) Sr (a) DOUGLAS NEVES SOARES.","dataAtualizacao":"2026-04-24 10:19:25","dataInicioVigencia":null,"dataFimVigencia":null,"data":"2026-04-17","numero":461,"categoria":"Portaria","situacao":"Em vigor","descricao":""},{"ementa":"CONCEDER LICEN\u00c7A M\u00c9DICA ao (a) Sr (a). MARISA MINELLI SOUZA.","dataAtualizacao":"2026-04-24 10:17:11","dataInicioVigencia":null,"dataFimVigencia":null,"data":"2026-04-16","numero":460,"categoria":"Portaria","situacao":"Em vigor","descricao":""},{"ementa":"EXONERAR o (a) Sr (a) VALDIR RODRIGUES DOS SANTOS, do cargo que \r\nespecifica.","dataAtualizacao":"2026-04-24 10:15:32","dataInicioVigencia":null,"dataFimVigencia":null,"data":"2026-04-16","numero":459,"categoria":"Portaria","situacao":"Em vigor","descricao":""},{"ementa":"Nomeia em est\u00e1gio probat\u00f3rio o (a) Sr (a) RENATO APARECIDO RIBEIRO ROGERI, \r\npara o cargo que especifica.","dataAtualizacao":"2026-04-24 10:40:18","dataInicioVigencia":null,"dataFimVigencia":null,"data":"2026-04-16","numero":458,"categoria":"Portaria","situacao":"Em vigor","descricao":""},{"ementa":"Disp\u00f5e sobre H\u00f3spede Oficial do Munic\u00edpio de Dracena.\r\nETIVALDO VAD\u00c3O GOMES","dataAtualizacao":"2026-04-17 16:59:03","dataInicioVigencia":null,"dataFimVigencia":null,"data":"2026-04-15","numero":8191,"categoria":"Decreto","situacao":"Em vigor","descricao":""},{"ementa":"Disp\u00f5e sobre H\u00f3spede Oficial do Munic\u00edpio de Dracena.\r\nWILDER PEDRO DE MORAIS, Senador pelo Estado de Goi\u00e1s","dataAtualizacao":"2026-04-17 17:00:59","dataInicioVigencia":null,"dataFimVigencia":null,"data":"2026-04-15","numero":8190,"categoria":"Decreto","situacao":"Em vigor","descricao":""},{"ementa":"Disp\u00f5e sobre a concess\u00e3o da Gratifica\u00e7\u00e3o por Tempo Integral e Dedica\u00e7\u00e3o Exclusiva \u2013 GTIDE \r\nao(\u00e0) servidor(a) Sr.(a) JOSE ROBERTO DE SOUZA e d\u00e1 outras provid\u00eancias.","dataAtualizacao":"2026-04-24 10:14:36","dataInicioVigencia":null,"dataFimVigencia":null,"data":"2026-04-15","numero":457,"categoria":"Portaria","situacao":"Em vigor","descricao":""},{"ementa":"Disp\u00f5e sobre a concess\u00e3o da Gratifica\u00e7\u00e3o por Tempo Integral e Dedica\u00e7\u00e3o Exclusiva \u2013 GTIDE \r\nao(\u00e0) servidor(a) Sr.(a) DARCI REAL e d\u00e1 outras provid\u00eancias.","dataAtualizacao":"2026-04-24 10:13:48","dataInicioVigencia":null,"dataFimVigencia":null,"data":"2026-04-15","numero":456,"categoria":"Portaria","situacao":"Em vigor","descricao":""},{"ementa":"Disp\u00f5e sobre a concess\u00e3o da Gratifica\u00e7\u00e3o por Tempo Integral e Dedica\u00e7\u00e3o Exclusiva \u2013 GTIDE \r\nao(\u00e0) servidor(a) Sr.(a) CARLOS HENRIQUE APARECIDO GASPARINI e d\u00e1 outras provid\u00eancias.","dataAtualizacao":"2026-04-24 10:10:49","dataInicioVigencia":null,"dataFimVigencia":null,"data":"2026-04-15","numero":455,"categoria":"Portaria","situacao":"Em vigor","descricao":""},{"ementa":"Disp\u00f5e sobre a concess\u00e3o da Gratifica\u00e7\u00e3o por Tempo Integral e Dedica\u00e7\u00e3o Exclusiva \u2013 GTIDE \r\nao(\u00e0) servidor(a) Sr.(a) ANTONIO CARLOS LUZIA e d\u00e1 outras provid\u00eancias.","dataAtualizacao":"2026-04-24 10:09:40","dataInicioVigencia":null,"dataFimVigencia":null,"data":"2026-04-15","numero":454,"categoria":"Portaria","situacao":"Em vigor","descricao":""},{"ementa":"CONCEDER LICEN\u00c7A M\u00c9DICA ao (a) Sr (a). GABRIELA DUARTE DO \r\nNASCIMENTO RIBEIRO.","dataAtualizacao":"2026-04-24 10:08:25","dataInicioVigencia":null,"dataFimVigencia":null,"data":"2026-04-15","numero":453,"categoria":"Portaria","situacao":"Em vigor","descricao":""},{"ementa":"CONCEDER F\u00c9RIAS ao (a) Sr (a). ELIANE LION BOTELHO FAVERO.","dataAtualizacao":"2026-04-24 10:06:58","dataInicioVigencia":null,"dataFimVigencia":null,"data":"2026-04-15","numero":452,"categoria":"Portaria","situacao":"Em vigor","descricao":""},{"ementa":"CONCEDER LICEN\u00c7A M\u00c9DICA ao (a) Sr (a). FLAVIA SABRINA RONDI DE \r\nSOUZA.","dataAtualizacao":"2026-04-24 10:06:02","dataInicioVigencia":null,"dataFimVigencia":null,"data":"2026-04-15","numero":451,"categoria":"Portaria","situacao":"Em vigor","descricao":""},{"ementa":"Disp\u00f5e sobre os pr\u00eamios a serem sorteados no Programa \u201cIPTU Premiado 2025\u201d.","dataAtualizacao":"2026-04-17 17:05:23","dataInicioVigencia":null,"dataFimVigencia":null,"data":"2026-04-14","numero":8189,"categoria":"Decreto","situacao":"Em vigor","descricao":""},{"ementa":"CONCEDER LICEN\u00c7A M\u00c9DICA ao (a) Sr (a). MEIRE MARIA CENEDESI.","dataAtualizacao":"2026-04-24 10:04:53","dataInicioVigencia":null,"dataFimVigencia":null,"data":"2026-04-14","numero":450,"categoria":"Portaria","situacao":"Em vigor","descricao":""},{"ementa":"REABILITA\u00c7\u00c3O PROFISSIONAL do (a) servidor (a) ANDRE BRANDAO DA \r\nCRUZ, no cargo que especifica.","dataAtualizacao":"2026-04-24 10:03:41","dataInicioVigencia":null,"dataFimVigencia":null,"data":"2026-04-14","numero":449,"categoria":"Portaria","situacao":"Em vigor","descricao":""},{"ementa":"CONCEDER LICEN\u00c7A M\u00c9DICA ao (a) Sr (a). MIRIAN CRISTINA DA SILVA \r\nCOTUGNO ROCHA.","dataAtualizacao":"2026-04-24 10:01:58","dataInicioVigencia":null,"dataFimVigencia":null,"data":"2026-04-14","numero":448,"categoria":"Portaria","situacao":"Em vigor","descricao":""},{"ementa":"CONCEDER LICEN\u00c7A M\u00c9DICA ao (a) Sr (a). NYCOLLIE RAYNNA MIRANDA \r\nFERREIRA.","dataAtualizacao":"2026-04-24 10:00:38","dataInicioVigencia":null,"dataFimVigencia":null,"data":"2026-04-14","numero":447,"categoria":"Portaria","situacao":"Em vigor","descricao":""},{"ementa":"DESIGNAR o (a) Sr (a) NATALIA CLAUDINO DE SOUZA para exercer em \r\nsubstitui\u00e7\u00e3o o cargo que especifica.","dataAtualizacao":"2026-04-16 10:11:22","dataInicioVigencia":null,"dataFimVigencia":null,"data":"2026-04-14","numero":445,"categoria":"Portaria","situacao":"Em vigor","descricao":""},{"ementa":"CONCEDER F\u00c9RIAS ao (a) Sr (a). BEATRIZ REZENDE PEREIRA SOUZA.","dataAtualizacao":"2026-04-16 10:10:33","dataInicioVigencia":null,"dataFimVigencia":null,"data":"2026-04-14","numero":444,"categoria":"Portaria","situacao":"Em vigor","descricao":""},{"ementa":"REVOGAR PORTARIA DRH\/N\u00ba 420\/2026 que concedeu licen\u00e7a pr\u00eamio ao \r\n(a) Sr. (a). ROBSON FIALHO DE FREITAS do cargo que especifica.","dataAtualizacao":"2026-04-15 12:37:35","dataInicioVigencia":null,"dataFimVigencia":null,"data":"2026-04-13","numero":443,"categoria":"Portaria","situacao":"Em vigor","descricao":""},{"ementa":"DESIGNAR o (a) Sr (a) DESIREE APARECIDA DA SILVA RAMALHO DE \r\nOLIVEIRA para exercer em substitui\u00e7\u00e3o o cargo que especifica.","dataAtualizacao":"2026-04-16 10:09:33","dataInicioVigencia":null,"dataFimVigencia":null,"data":"2026-04-13","numero":442,"categoria":"Portaria","situacao":"Em vigor","descricao":""},{"ementa":"EXONERAR, a pedido, o (a) Sr. (a) SUZANA GARBIM CEBALLOS, do cargo que \r\nespecifica.","dataAtualizacao":"2026-04-16 10:08:16","dataInicioVigencia":null,"dataFimVigencia":null,"data":"2026-04-13","numero":441,"categoria":"Portaria","situacao":"Em vigor","descricao":""},{"ementa":"DESIGNAR o (a) Sr (a) MURILLO NOGUEIRA VIANA para exercer em \r\nsubstitui\u00e7\u00e3o o cargo que especifica.","dataAtualizacao":"2026-04-16 10:07:04","dataInicioVigencia":null,"dataFimVigencia":null,"data":"2026-04-10","numero":440,"categoria":"Portaria","situacao":"Em vigor","descricao":""},{"ementa":"CONCEDER F\u00c9RIAS ao (a) Sr (a). ANDRE LUIS CARDOSO BENTO.","dataAtualizacao":"2026-04-16 10:06:05","dataInicioVigencia":null,"dataFimVigencia":null,"data":"2026-04-10","numero":439,"categoria":"Portaria","situacao":"Em vigor","descricao":""},{"ementa":"Disp\u00f5e sobre a prorroga\u00e7\u00e3o pelo prazo de 180 (cento e oitenta) dias, da contrata\u00e7\u00e3o \r\ntempor\u00e1ria de EXCEPCIONAL INTERESSE P\u00daBLICO e d\u00e1 outras provid\u00eancias.","dataAtualizacao":"2026-04-16 10:04:40","dataInicioVigencia":null,"dataFimVigencia":null,"data":"2026-04-10","numero":438,"categoria":"Portaria","situacao":"Em vigor","descricao":""},{"ementa":"Disp\u00f5e sobre altera\u00e7\u00f5es de membros do Conselho Municipal de Tr\u00e2nsito - COMUTRA.","dataAtualizacao":"2026-04-17 17:03:27","dataInicioVigencia":null,"dataFimVigencia":null,"data":"2026-04-08","numero":8189,"categoria":"Decreto","situacao":"Em vigor","descricao":""},{"ementa":"CONCEDER LICEN\u00c7A M\u00c9DICA ao (a) Sr (a). ISABEL DIONISIO.","dataAtualizacao":"2026-04-16 10:03:31","dataInicioVigencia":null,"dataFimVigencia":null,"data":"2026-04-08","numero":437,"categoria":"Portaria","situacao":"Em vigor","descricao":""},{"ementa":"EXONERAR, a pedido, o (a) Sr. (a) MILANA CUNHA DE ARAUJO, do cargo que \r\nespecifica.","dataAtualizacao":"2026-04-16 10:02:12","dataInicioVigencia":null,"dataFimVigencia":null,"data":"2026-04-08","numero":436,"categoria":"Portaria","situacao":"Em vigor","descricao":""},{"ementa":"CONCEDER LICEN\u00c7A M\u00c9DICA ao (a) Sr (a). FERNANDA PAULINO BEZERRA \r\nCAVALHEIRO.","dataAtualizacao":"2026-04-16 10:01:05","dataInicioVigencia":null,"dataFimVigencia":null,"data":"2026-04-08","numero":435,"categoria":"Portaria","situacao":"Em vigor","descricao":""},{"ementa":"Disp\u00f5e sobre a concess\u00e3o da Gratifica\u00e7\u00e3o por Tempo Integral e Dedica\u00e7\u00e3o Exclusiva \u2013 GTIDE \r\nao(\u00e0) servidor(a) Sr.(a) ROGERIO VITOR DE OLIVEIRA e d\u00e1 outras provid\u00eancias.","dataAtualizacao":"2026-04-16 09:59:44","dataInicioVigencia":null,"dataFimVigencia":null,"data":"2026-04-08","numero":434,"categoria":"Portaria","situacao":"Em vigor","descricao":""},{"ementa":"Disp\u00f5e sobre a concess\u00e3o da Gratifica\u00e7\u00e3o por Tempo Integral e Dedica\u00e7\u00e3o Exclusiva \u2013 GTIDE \r\nao(\u00e0) servidor(a) Sr.(a) ARYEL ABILIO ROCHA DIAS WEDEKIN e d\u00e1 outras provid\u00eancias.","dataAtualizacao":"2026-04-16 09:58:30","dataInicioVigencia":null,"dataFimVigencia":null,"data":"2026-04-08","numero":433,"categoria":"Portaria","situacao":"Em vigor","descricao":""},{"ementa":"Disp\u00f5e sobre a concess\u00e3o da Gratifica\u00e7\u00e3o por Tempo Integral e Dedica\u00e7\u00e3o Exclusiva \u2013 GTIDE \r\nao(\u00e0) servidor(a) Sr.(a) ANGELITA MARIS POIANI e d\u00e1 outras provid\u00eancias.","dataAtualizacao":"2026-04-16 09:56:02","dataInicioVigencia":null,"dataFimVigencia":null,"data":"2026-04-08","numero":432,"categoria":"Portaria","situacao":"Em vigor","descricao":""},{"ementa":"CONCEDER LICEN\u00c7A M\u00c9DICA ao (a) Sr (a). PAULO ROBERTO \r\nMALDONADO.","dataAtualizacao":"2026-04-16 09:54:51","dataInicioVigencia":null,"dataFimVigencia":null,"data":"2026-04-08","numero":431,"categoria":"Portaria","situacao":"Em vigor","descricao":""},{"ementa":"CONCEDER F\u00c9RIAS ao (a) Sr (a). RICHELDER COMADUCCI DA SILVA.","dataAtualizacao":"2026-04-16 09:53:24","dataInicioVigencia":null,"dataFimVigencia":null,"data":"2026-04-08","numero":430,"categoria":"Portaria","situacao":"Em vigor","descricao":""},{"ementa":"CONCEDER LICEN\u00c7A M\u00c9DICA ao (a) Sr (a). JULIANA MORAES DELOVO \r\nDOS ANJOS.","dataAtualizacao":"2026-04-16 09:52:11","dataInicioVigencia":null,"dataFimVigencia":null,"data":"2026-04-08","numero":429,"categoria":"Portaria","situacao":"Em vigor","descricao":""},{"ementa":"CONCEDER LICEN\u00c7A M\u00c9DICA ao (a) Sr (a). MIRIAN JUBERTONI DE SOUZA.","dataAtualizacao":"2026-04-09 10:16:11","dataInicioVigencia":null,"dataFimVigencia":null,"data":"2026-04-08","numero":428,"categoria":"Portaria","situacao":"Em vigor","descricao":""},{"ementa":"CONCEDER LICEN\u00c7A M\u00c9DICA ao (a) Sr (a). JAIR ALVES DE AZEVEDO.","dataAtualizacao":"2026-04-09 10:15:18","dataInicioVigencia":null,"dataFimVigencia":null,"data":"2026-04-08","numero":427,"categoria":"Portaria","situacao":"Em vigor","descricao":""},{"ementa":"NOMEAR, o (a) Sr (a) TALITA CREPALDI CANDIDO FERREIRA para o cargo \r\nque especifica.","dataAtualizacao":"2026-04-09 10:14:27","dataInicioVigencia":null,"dataFimVigencia":null,"data":"2026-04-08","numero":426,"categoria":"Portaria","situacao":"Em vigor","descricao":""},{"ementa":"Disp\u00f5e sobre a prorroga\u00e7\u00e3o pelo prazo de 180 (cento e oitenta) dias, da contrata\u00e7\u00e3o \r\ntempor\u00e1ria de EXCEPCIONAL INTERESSE P\u00daBLICO e d\u00e1 outras provid\u00eancias.","dataAtualizacao":"2026-04-09 10:12:56","dataInicioVigencia":null,"dataFimVigencia":null,"data":"2026-04-08","numero":425,"categoria":"Portaria","situacao":"Em vigor","descricao":""},{"ementa":"CONCEDER LICEN\u00c7A M\u00c9DICA ACOMPANHANTE ao (a) Sr (a). RAQUEL \r\nFERREIRA DA SILVA ANSELMO.","dataAtualizacao":"2026-04-09 10:12:03","dataInicioVigencia":null,"dataFimVigencia":null,"data":"2026-04-08","numero":424,"categoria":"Portaria","situacao":"Em vigor","descricao":""},{"ementa":"CONCEDER F\u00c9RIAS ao (a) Sr (a). LUCIMAR DE LOURDES MIOTO.","dataAtualizacao":"2026-04-24 09:57:42","dataInicioVigencia":null,"dataFimVigencia":null,"data":"2026-04-07","numero":423,"categoria":"Portaria","situacao":"Em vigor","descricao":""},{"ementa":"DESIGNAR o (a) Sr (a) ROSILENE STEFANELLI JUNQUEIRA SANCHES para \r\nexercer em substitui\u00e7\u00e3o o cargo que especifica.","dataAtualizacao":"2026-04-09 10:09:55","dataInicioVigencia":null,"dataFimVigencia":null,"data":"2026-04-07","numero":422,"categoria":"Portaria","situacao":"Em vigor","descricao":""},{"ementa":"EXONERAR, a pedido, o (a) Sr. (a) FLAVIA TAYS RAMAL SILVA, do cargo que \r\nespecifica.","dataAtualizacao":"2026-04-09 10:08:52","dataInicioVigencia":null,"dataFimVigencia":null,"data":"2026-04-07","numero":421,"categoria":"Portaria","situacao":"Em vigor","descricao":""},{"ementa":"Concede Licen\u00e7a Pr\u00eamio ao (a) Sr (a). ROBSON FIALHO DE FREITAS.","dataAtualizacao":"2026-04-09 10:31:28","dataInicioVigencia":null,"dataFimVigencia":null,"data":"2026-04-06","numero":420,"categoria":"Portaria","situacao":"Em vigor","descricao":""},{"ementa":"EXONERAR, a pedido, o (a) Sr. (a) THIAPUA MARCUS RUIS SOUZA, do cargo \r\nque especifica.","dataAtualizacao":"2026-04-09 10:07:41","dataInicioVigencia":null,"dataFimVigencia":null,"data":"2026-04-06","numero":419,"categoria":"Portaria","situacao":"Em vigor","descricao":""},{"ementa":"Disp\u00f5e sobre a prorroga\u00e7\u00e3o pelo prazo de 180 (cento e oitenta) dias, da contrata\u00e7\u00e3o \r\ntempor\u00e1ria de EXCEPCIONAL INTERESSE P\u00daBLICO e d\u00e1 outras provid\u00eancias.","dataAtualizacao":"2026-04-09 10:06:12","dataInicioVigencia":null,"dataFimVigencia":null,"data":"2026-04-06","numero":418,"categoria":"Portaria","situacao":"Em vigor","descricao":""},{"ementa":"Disp\u00f5e sobre a prorroga\u00e7\u00e3o pelo prazo de 180 (cento e oitenta) dias, da contrata\u00e7\u00e3o \r\ntempor\u00e1ria de EXCEPCIONAL INTERESSE P\u00daBLICO e d\u00e1 outras provid\u00eancias.","dataAtualizacao":"2026-04-09 10:04:31","dataInicioVigencia":null,"dataFimVigencia":null,"data":"2026-04-06","numero":417,"categoria":"Portaria","situacao":"Em vigor","descricao":""},{"ementa":"Disp\u00f5e sobre a prorroga\u00e7\u00e3o pelo prazo de 180 (cento e oitenta) dias, da contrata\u00e7\u00e3o \r\ntempor\u00e1ria de EXCEPCIONAL INTERESSE P\u00daBLICO e d\u00e1 outras provid\u00eancias.","dataAtualizacao":"2026-04-09 10:03:19","dataInicioVigencia":null,"dataFimVigencia":null,"data":"2026-04-06","numero":416,"categoria":"Portaria","situacao":"Em vigor","descricao":""},{"ementa":"CONCEDER LICEN\u00c7A M\u00c9DICA ao (a) Sr (a). ANA CLARA GIARETTA DE \r\nOLIVEIRA ROCHA.","dataAtualizacao":"2026-04-09 09:58:04","dataInicioVigencia":null,"dataFimVigencia":null,"data":"2026-04-06","numero":415,"categoria":"Portaria","situacao":"Em vigor","descricao":""},{"ementa":"Nomeia em est\u00e1gio probat\u00f3rio o (a) Sr (a) CRISTIANE CECILIA MARRERO \r\nMOREIRA, para o cargo que especifica.","dataAtualizacao":"2026-04-09 10:30:22","dataInicioVigencia":null,"dataFimVigencia":null,"data":"2026-04-06","numero":414,"categoria":"Portaria","situacao":"Em vigor","descricao":""},{"ementa":"EXONERAR, a pedido, o (a) Sr. (a) ANA ISABELLA PIMENTA DO NASCIMENTO, \r\ndo cargo que especifica.","dataAtualizacao":"2026-04-09 09:56:26","dataInicioVigencia":null,"dataFimVigencia":null,"data":"2026-04-06","numero":413,"categoria":"Portaria","situacao":"Em vigor","descricao":""},{"ementa":"Nomeia Comiss\u00e3o Fiscalizadora do Concurso P\u00fablico n\u00ba 001\/2026, para provimento de cargos na Administra\u00e7\u00e3o Municipal.","dataAtualizacao":"2026-04-08 09:16:02","dataInicioVigencia":null,"dataFimVigencia":null,"data":"2026-04-01","numero":8187,"categoria":"Decreto","situacao":"Em vigor","descricao":""},{"ementa":"EXONERAR, a pedido, o (a) Sr. (a) ANA CAROLINA RODRIGUES PEREIRA \r\nSANTIAGO, do cargo que especifica.","dataAtualizacao":"2026-04-09 09:55:05","dataInicioVigencia":null,"dataFimVigencia":null,"data":"2026-04-01","numero":412,"categoria":"Portaria","situacao":"Em vigor","descricao":""},{"ementa":"Disp\u00f5e sobre a contrata\u00e7\u00e3o tempor\u00e1ria, do (a) Sr (a) WELLINGTON WILLIAN \r\nALVES FERREIRA em atendimento a solicita\u00e7\u00e3o da Secretaria de Educa\u00e7\u00e3o, \r\natrav\u00e9s do Edital n\u00ba 002\/2022, que especifica e d\u00e1 outras provid\u00eancias.","dataAtualizacao":"2026-04-09 09:53:58","dataInicioVigencia":null,"dataFimVigencia":null,"data":"2026-04-01","numero":411,"categoria":"Portaria","situacao":"Em vigor","descricao":""},{"ementa":"Disp\u00f5e sobre a contrata\u00e7\u00e3o tempor\u00e1ria, do (a) Sr (a) RITA LEE DOS SANTOS \r\nCARVALHO em atendimento a solicita\u00e7\u00e3o da Secretaria de Educa\u00e7\u00e3o, atrav\u00e9s do \r\nEdital n\u00ba 002\/2022, que especifica e d\u00e1 outras provid\u00eancias.","dataAtualizacao":"2026-04-09 09:52:34","dataInicioVigencia":null,"dataFimVigencia":null,"data":"2026-04-01","numero":410,"categoria":"Portaria","situacao":"Em vigor","descricao":""},{"ementa":"Disp\u00f5e sobre a contrata\u00e7\u00e3o tempor\u00e1ria, do (a) Sr (a) LAISA FERNANDA \r\nCARDOZO em atendimento a solicita\u00e7\u00e3o da Secretaria de Educa\u00e7\u00e3o, atrav\u00e9s do \r\nEdital n\u00ba 003\/2022, que especifica e d\u00e1 outras provid\u00eancias.","dataAtualizacao":"2026-04-09 09:51:32","dataInicioVigencia":null,"dataFimVigencia":null,"data":"2026-04-01","numero":409,"categoria":"Portaria","situacao":"Em vigor","descricao":""},{"ementa":"Disp\u00f5e sobre a prorroga\u00e7\u00e3o pelo prazo de 180 (cento e oitenta) dias, da contrata\u00e7\u00e3o \r\ntempor\u00e1ria de EXCEPCIONAL INTERESSE P\u00daBLICO e d\u00e1 outras provid\u00eancias.","dataAtualizacao":"2026-04-09 09:50:29","dataInicioVigencia":null,"dataFimVigencia":null,"data":"2026-04-01","numero":408,"categoria":"Portaria","situacao":"Em vigor","descricao":""},{"ementa":"EXONERAR, a pedido, o (a) Sr. (a) ABILIO CLIMACO PEREIRA, do cargo que \r\nespecifica.","dataAtualizacao":"2026-04-09 09:48:50","dataInicioVigencia":null,"dataFimVigencia":null,"data":"2026-04-01","numero":407,"categoria":"Portaria","situacao":"Em vigor","descricao":""},{"ementa":"CONCEDER LICEN\u00c7A MATERNIDADE ao (a) Sr (a). MARIANE RIGAZZO \r\nSALVADOR.","dataAtualizacao":"2026-04-09 09:47:44","dataInicioVigencia":null,"dataFimVigencia":null,"data":"2026-04-01","numero":406,"categoria":"Portaria","situacao":"Em vigor","descricao":""},{"ementa":"NOMEAR, o (a) Sr (a) AMARILDA APARECIDA ARAUJO VENDRAMIN para o \r\ncargo que especifica.","dataAtualizacao":"2026-04-09 09:46:05","dataInicioVigencia":null,"dataFimVigencia":null,"data":"2026-04-01","numero":405,"categoria":"Portaria","situacao":"Em vigor","descricao":""},{"ementa":"DISPENSAR, o (a) servidor (a) Sr. (a) RICHELDER COMADUCCI DA SILVA, do \r\nregistro eletr\u00f4nico de ponto.","dataAtualizacao":"2026-04-09 09:44:20","dataInicioVigencia":null,"dataFimVigencia":null,"data":"2026-04-01","numero":404,"categoria":"Portaria","situacao":"Em vigor","descricao":""},{"ementa":"EXONERAR, a pedido, o (a) Sr. (a) FABIANE ANDREA DE GODOI DA SILVA, do \r\ncargo que especifica.","dataAtualizacao":"2026-04-09 09:42:56","dataInicioVigencia":null,"dataFimVigencia":null,"data":"2026-04-01","numero":403,"categoria":"Portaria","situacao":"Em vigor","descricao":""},{"ementa":"NOMEAR, o (a) Sr (a) MARLI LUZIA MAROSTICA DA ROCHA para o cargo que \r\nespecifica.","dataAtualizacao":"2026-04-06 08:42:53","dataInicioVigencia":null,"dataFimVigencia":null,"data":"2026-04-01","numero":402,"categoria":"Portaria","situacao":"Em vigor","descricao":""},{"ementa":"EXONERAR, o (a) Sr (a) MARLI LUZIA MAROSTICA DA ROCHA, do cargo que \r\nespecifica.","dataAtualizacao":"2026-04-06 08:41:52","dataInicioVigencia":null,"dataFimVigencia":null,"data":"2026-04-01","numero":401,"categoria":"Portaria","situacao":"Em vigor","descricao":""},{"ementa":"Disp\u00f5e sobre o cancelamento de processo de restos a pagar n\u00e3o processados do exerc\u00edcio de 2025.","dataAtualizacao":"2026-04-08 08:57:00","dataInicioVigencia":null,"dataFimVigencia":null,"data":"2026-03-31","numero":8185,"categoria":"Decreto","situacao":"Em vigor","descricao":""},{"ementa":"Regulamenta o inciso VII, do \u201ccaput\u201d do art. 12 da Lei n\u00ba 14.133, de 1\u00ba de abril de 2021, para dispor sobre o plano de contrata\u00e7\u00f5es anual e instituir o Sistema de Planejamento e Gerenciamento de Contrata\u00e7\u00f5es no \u00e2mbito da administra\u00e7\u00e3o p\u00fablica municipal de Dracena e d\u00e1 outras provid\u00eancias.","dataAtualizacao":"2026-04-08 09:10:36","dataInicioVigencia":null,"dataFimVigencia":null,"data":"2026-03-31","numero":8184,"categoria":"Decreto","situacao":"Em vigor","descricao":""},{"ementa":"Institui o Programa NOTA FISCAL PREMIADA e disp\u00f5e sobre sorteio de pr\u00eamios e d\u00e1 outras provid\u00eancias.","dataAtualizacao":"2026-04-08 09:51:17","dataInicioVigencia":null,"dataFimVigencia":null,"data":"2026-03-31","numero":5275,"categoria":"Lei Ordin\u00e1ria","situacao":"Em vigor","descricao":""},{"ementa":"Disp\u00f5e sobre inclus\u00e3o do \u00a7 4\u00ba-A, ao art. 9\u00ba, da Lei 5.022\/2023, conforme especifica.\r\nConselho Tutelar","dataAtualizacao":"2026-04-08 09:42:28","dataInicioVigencia":null,"dataFimVigencia":null,"data":"2026-03-31","numero":5274,"categoria":"Lei Ordin\u00e1ria","situacao":"Em vigor","descricao":""},{"ementa":"Nomeia em est\u00e1gio probat\u00f3rio o (a) Sr (a) LUCIANA APARECIDA GANEV, para o \r\ncargo que especifica.","dataAtualizacao":"2026-04-06 09:29:39","dataInicioVigencia":null,"dataFimVigencia":null,"data":"2026-03-31","numero":400,"categoria":"Portaria","situacao":"Em vigor","descricao":""},{"ementa":"CONCEDER LICEN\u00c7A M\u00c9DICA ACOMPANHANTE ao (a) Sr (a). SILVIA DE \r\nSOUZA LIMA DA ROCHA.","dataAtualizacao":"2026-04-06 08:40:58","dataInicioVigencia":null,"dataFimVigencia":null,"data":"2026-03-31","numero":399,"categoria":"Portaria","situacao":"Em vigor","descricao":""},{"ementa":"Nomeia em est\u00e1gio probat\u00f3rio o (a) Sr (a) MARIA JOSINETE DA SILVA, para o \r\ncargo que especifica.","dataAtualizacao":"2026-04-06 09:28:19","dataInicioVigencia":null,"dataFimVigencia":null,"data":"2026-03-31","numero":398,"categoria":"Portaria","situacao":"Em vigor","descricao":""},{"ementa":"Disp\u00f5e sobre altera\u00e7\u00e3o no Conselho Municipal de Assist\u00eancia Social, conforme especifica.","dataAtualizacao":"2026-04-08 09:04:20","dataInicioVigencia":null,"dataFimVigencia":null,"data":"2026-03-30","numero":8183,"categoria":"Decreto","situacao":"Em vigor","descricao":""},{"ementa":"Disp\u00f5e sobre altera\u00e7\u00e3o no Conselho Municipal de Prote\u00e7\u00e3o e Bem Estar Animal, conforme especifica.","dataAtualizacao":"2026-04-08 09:02:17","dataInicioVigencia":null,"dataFimVigencia":null,"data":"2026-03-30","numero":8182,"categoria":"Decreto","situacao":"Em vigor","descricao":""},{"ementa":"Disp\u00f5e sobre altera\u00e7\u00e3o no Conselho Fiscal da EMDAEP, conforme especifica.","dataAtualizacao":"2026-04-08 08:58:56","dataInicioVigencia":null,"dataFimVigencia":null,"data":"2026-03-30","numero":8181,"categoria":"Decreto","situacao":"Em vigor","descricao":""},{"ementa":"Disp\u00f5e sobre a prorroga\u00e7\u00e3o pelo prazo de 180 (cento e oitenta) dias, da contrata\u00e7\u00e3o tempor\u00e1ria \r\nde EXCEPCIONAL INTERESSE P\u00daBLICO e d\u00e1 outras provid\u00eancias.","dataAtualizacao":"2026-04-09 09:41:22","dataInicioVigencia":null,"dataFimVigencia":null,"data":"2026-03-30","numero":397,"categoria":"Portaria","situacao":"Em vigor","descricao":""},{"ementa":"CONCEDER LICEN\u00c7A M\u00c9DICA ACOMPANHANTE ao (a) Sr (a). IDALINA LEA \r\nBAZOTTE MAZZO.","dataAtualizacao":"2026-04-02 09:42:20","dataInicioVigencia":null,"dataFimVigencia":null,"data":"2026-03-30","numero":396,"categoria":"Portaria","situacao":"Em vigor","descricao":""},{"ementa":"CONCEDER LICEN\u00c7A M\u00c9DICA ao (a) Sr (a). SILVANA CABRAL PESSOA.","dataAtualizacao":"2026-04-02 09:41:10","dataInicioVigencia":null,"dataFimVigencia":null,"data":"2026-03-30","numero":395,"categoria":"Portaria","situacao":"Em vigor","descricao":""},{"ementa":"CONCEDER LICEN\u00c7A M\u00c9DICA ao (a) Sr (a). LETICIA PEREIRA DA SILVA.","dataAtualizacao":"2026-04-02 09:40:00","dataInicioVigencia":null,"dataFimVigencia":null,"data":"2026-03-30","numero":394,"categoria":"Portaria","situacao":"Em vigor","descricao":""},{"ementa":"CONCEDER F\u00c9RIAS ao (a) Sr (a). FATIMA APARECIDA BOSQUETTI ARNAL.","dataAtualizacao":"2026-04-02 09:39:00","dataInicioVigencia":null,"dataFimVigencia":null,"data":"2026-03-27","numero":393,"categoria":"Portaria","situacao":"Em vigor","descricao":""},{"ementa":"CONCEDER F\u00c9RIAS ao (a) Sr (a). FLAVIA BERETTA DE CAMPOS FERREIRA.","dataAtualizacao":"2026-04-02 09:36:43","dataInicioVigencia":null,"dataFimVigencia":null,"data":"2026-03-27","numero":392,"categoria":"Portaria","situacao":"Em vigor","descricao":""},{"ementa":"CONVOCA FUNCION\u00c1RIOS PARA PRESTA\u00c7\u00c3O DE HORAS EXTRAS.","dataAtualizacao":"2026-04-02 09:34:38","dataInicioVigencia":null,"dataFimVigencia":null,"data":"2026-03-27","numero":391,"categoria":"Portaria","situacao":"Em vigor","descricao":""},{"ementa":"CONCEDER LICEN\u00c7A MATERNIDADE ao (a) Sr (a). GABRIELA DE ALMEIDA \r\nSA.","dataAtualizacao":"2026-04-02 09:32:17","dataInicioVigencia":null,"dataFimVigencia":null,"data":"2026-03-26","numero":390,"categoria":"Portaria","situacao":"Em vigor","descricao":""},{"ementa":"CONCEDER LICEN\u00c7A M\u00c9DICA ao (a) Sr (a). ANA ANGELICA MATIAS DE \r\nSOUZA.","dataAtualizacao":"2026-04-02 09:30:10","dataInicioVigencia":null,"dataFimVigencia":null,"data":"2026-03-26","numero":389,"categoria":"Portaria","situacao":"Em vigor","descricao":""},{"ementa":"CONCEDER LICEN\u00c7A M\u00c9DICA ao (a) Sr (a). ARIANY VALERIA DOS SANTOS.","dataAtualizacao":"2026-04-09 09:39:20","dataInicioVigencia":null,"dataFimVigencia":null,"data":"2026-03-25","numero":388,"categoria":"Portaria","situacao":"Em vigor","descricao":""},{"ementa":"EXONERAR o (a) Sr (a) TEREZINHA PACHECO DE ALMEIDA BRITO, do \r\ncargo que especifica.","dataAtualizacao":"2026-04-02 09:27:02","dataInicioVigencia":null,"dataFimVigencia":null,"data":"2026-03-25","numero":387,"categoria":"Portaria","situacao":"Em vigor","descricao":""},{"ementa":"Nomeia em est\u00e1gio probat\u00f3rio o (a) Sr (a) DOUGLAS NEVES SOARES, para o cargo \r\nque especifica.","dataAtualizacao":"2026-03-31 14:05:36","dataInicioVigencia":null,"dataFimVigencia":null,"data":"2026-03-25","numero":386,"categoria":"Portaria","situacao":"Em vigor","descricao":""},{"ementa":"EXONERAR, a pedido, o (a) Sr. (a) DANILO HERCULANO DA SILVA, do cargo \r\nque especifica.","dataAtualizacao":"2026-04-02 09:25:28","dataInicioVigencia":null,"dataFimVigencia":null,"data":"2026-03-25","numero":385,"categoria":"Portaria","situacao":"Em vigor","descricao":""},{"ementa":"Disp\u00f5e sobre autoriza\u00e7\u00e3o ao Poder Executivo para abertura de cr\u00e9dito adicional especial no or\u00e7amento vigente.","dataAtualizacao":"2026-03-24 14:33:21","dataInicioVigencia":null,"dataFimVigencia":null,"data":"2026-03-24","numero":8180,"categoria":"Decreto","situacao":"Em vigor","descricao":""},{"ementa":"Disp\u00f5e sobre autoriza\u00e7\u00e3o ao Poder Executivo para abertura de cr\u00e9dito adicional especial no or\u00e7amento vigente.\r\nPra\u00e7a Arthur Pagnozzi","dataAtualizacao":"2026-04-08 09:38:58","dataInicioVigencia":null,"dataFimVigencia":null,"data":"2026-03-24","numero":5273,"categoria":"Lei Ordin\u00e1ria","situacao":"Em vigor","descricao":""},{"ementa":"CONCEDER LICEN\u00c7A M\u00c9DICA ao (a) Sr (a). ADRIELE SILVA SOATO \r\nCAVALHEIRO.","dataAtualizacao":"2026-04-02 09:22:58","dataInicioVigencia":null,"dataFimVigencia":null,"data":"2026-03-24","numero":384,"categoria":"Portaria","situacao":"Em vigor","descricao":""},{"ementa":"EXONERAR, a pedido, o (a) Sr. (a) TELMA ELAINE DE AGUIAR MENDES, do \r\ncargo que especifica.","dataAtualizacao":"2026-04-02 09:20:33","dataInicioVigencia":null,"dataFimVigencia":null,"data":"2026-03-24","numero":383,"categoria":"Portaria","situacao":"Em vigor","descricao":""},{"ementa":"CONCEDER LICEN\u00c7A M\u00c9DICA ao (a) Sr (a). LUZIANA CARLA FERRARI.","dataAtualizacao":"2026-04-02 09:18:41","dataInicioVigencia":null,"dataFimVigencia":null,"data":"2026-03-24","numero":382,"categoria":"Portaria","situacao":"Em vigor","descricao":""},{"ementa":"CONCEDER LICEN\u00c7A M\u00c9DICA ao (a) Sr (a). ELIZELI DE ALMEIDA LIMA.","dataAtualizacao":"2026-04-02 09:17:41","dataInicioVigencia":null,"dataFimVigencia":null,"data":"2026-03-24","numero":381,"categoria":"Portaria","situacao":"Em vigor","descricao":""},{"ementa":"Disp\u00f5e sobre a regulamenta\u00e7\u00e3o da Lei Municipal n\u00ba 5.259, de 26 de dezembro de 2025, que institui o Programa \u201cBanco de Ra\u00e7\u00e3o e Utens\u00edlios para Animais\u201d no Munic\u00edpio de Dracena e d\u00e1 outras provid\u00eancias.","dataAtualizacao":"2026-03-24 14:33:46","dataInicioVigencia":null,"dataFimVigencia":null,"data":"2026-03-23","numero":8179,"categoria":"Decreto","situacao":"Em vigor","descricao":""},{"ementa":"CONCEDER LICEN\u00c7A M\u00c9DICA ao (a) Sr (a). SILVANA GAMA DA SILVA \r\nPIVETA.","dataAtualizacao":"2026-04-02 08:54:35","dataInicioVigencia":null,"dataFimVigencia":null,"data":"2026-03-23","numero":380,"categoria":"Portaria","situacao":"Em vigor","descricao":""},{"ementa":"EXONERAR, a pedido, o (a) Sr. (a) SANDRA MARCIA RODRIGUES FERREIRA, \r\ndo cargo que especifica.","dataAtualizacao":"2026-03-25 10:02:11","dataInicioVigencia":null,"dataFimVigencia":null,"data":"2026-03-23","numero":379,"categoria":"Portaria","situacao":"Em vigor","descricao":""},{"ementa":"CONCEDER LICEN\u00c7A M\u00c9DICA ao (a) Sr (a). MAGDA MARIA BERGAMO \r\nCABRERA.","dataAtualizacao":"2026-03-25 10:01:17","dataInicioVigencia":null,"dataFimVigencia":null,"data":"2026-03-20","numero":378,"categoria":"Portaria","situacao":"Em vigor","descricao":""},{"ementa":"Concede Licen\u00e7a Pr\u00eamio ao (a) Sr (a). ELIANE APARECIDA SARAIVA.","dataAtualizacao":"2026-03-25 09:05:18","dataInicioVigencia":null,"dataFimVigencia":null,"data":"2026-03-20","numero":377,"categoria":"Portaria","situacao":"Em vigor","descricao":""},{"ementa":"Disp\u00f5e sobre a contrata\u00e7\u00e3o tempor\u00e1ria, do (a) Sr (a) CELIA REGINA PELEGRINI \r\nSANTIAGO em atendimento a solicita\u00e7\u00e3o da Secretaria de Educa\u00e7\u00e3o, atrav\u00e9s do \r\nEdital n\u00ba 003\/2022, que especifica e d\u00e1 outras provid\u00eancias.","dataAtualizacao":"2026-03-25 10:00:09","dataInicioVigencia":null,"dataFimVigencia":null,"data":"2026-03-20","numero":376,"categoria":"Portaria","situacao":"Em vigor","descricao":""},{"ementa":"CONVOCA FUNCION\u00c1RIO PARA PRESTA\u00c7\u00c3O DE HORAS EXTRAS.","dataAtualizacao":"2026-03-25 09:59:13","dataInicioVigencia":null,"dataFimVigencia":null,"data":"2026-03-20","numero":375,"categoria":"Portaria","situacao":"Em vigor","descricao":""},{"ementa":"EXONERAR, a pedido, o (a) Sr. (a) AMARILDA APARECIDA ARAUJO \r\nVENDRAMIN, do cargo que especifica.","dataAtualizacao":"2026-03-25 09:57:53","dataInicioVigencia":null,"dataFimVigencia":null,"data":"2026-03-20","numero":374,"categoria":"Portaria","situacao":"Em vigor","descricao":""},{"ementa":"Disp\u00f5e sobre altera\u00e7\u00e3o no Conselho Municipal de Meio Ambiente, conforme especifica.","dataAtualizacao":"2026-03-24 14:29:00","dataInicioVigencia":null,"dataFimVigencia":null,"data":"2026-03-19","numero":8178,"categoria":"Decreto","situacao":"Em vigor","descricao":""},{"ementa":"CONCEDER LICEN\u00c7A ACIDENTE DE TRABALHO ao (a) Sr (a). SUSINEY \r\nAPARECIDA NUNES PINHEIRO.","dataAtualizacao":"2026-03-25 09:56:41","dataInicioVigencia":null,"dataFimVigencia":null,"data":"2026-03-19","numero":373,"categoria":"Portaria","situacao":"Em vigor","descricao":""},{"ementa":"CONCEDER LICEN\u00c7A M\u00c9DICA ao (a) Sr (a). SIMONE RITA DA COSTA KATO.","dataAtualizacao":"2026-03-25 09:55:21","dataInicioVigencia":null,"dataFimVigencia":null,"data":"2026-03-19","numero":372,"categoria":"Portaria","situacao":"Em vigor","descricao":""},{"ementa":"DISP\u00d5E SOBRE A VAC\u00c2NCIA do cargo que especifica, em raz\u00e3o do \r\nfalecimento do(a) servidor(a) FRANCINI MONTAGNOLI ZERBATTO.","dataAtualizacao":"2026-03-25 09:53:28","dataInicioVigencia":null,"dataFimVigencia":null,"data":"2026-03-18","numero":371,"categoria":"Portaria","situacao":"Em vigor","descricao":""},{"ementa":"EXONERAR, a pedido, o (a) Sr. (a) TIAGO DUARTE ULIAN, do cargo que \r\nespecifica.","dataAtualizacao":"2026-03-25 09:52:28","dataInicioVigencia":null,"dataFimVigencia":null,"data":"2026-03-18","numero":370,"categoria":"Portaria","situacao":"Em vigor","descricao":""},{"ementa":"Disp\u00f5e sobre a contrata\u00e7\u00e3o tempor\u00e1ria, do (a) Sr (a) DAVID NARDELLI \r\nNOGUEIRA em atendimento a solicita\u00e7\u00e3o da Secretaria de Cultura e Turismo, \r\natrav\u00e9s do Edital n\u00ba 002\/2022, que especifica e d\u00e1 outras provid\u00eancias.","dataAtualizacao":"2026-03-25 09:51:05","dataInicioVigencia":null,"dataFimVigencia":null,"data":"2026-03-18","numero":369,"categoria":"Portaria","situacao":"Em vigor","descricao":""},{"ementa":"Disp\u00f5e sobre autoriza\u00e7\u00e3o de uso, a t\u00edtulo prec\u00e1rio e gratuito, de espa\u00e7o p\u00fablico, denominado Centro Social Urbano - CSU.","dataAtualizacao":"2026-03-20 10:29:11","dataInicioVigencia":null,"dataFimVigencia":null,"data":"2026-03-17","numero":8177,"categoria":"Decreto","situacao":"Em vigor","descricao":""},{"ementa":"Disp\u00f5e sobre H\u00f3spede Oficial do Munic\u00edpio de Dracena, conforme especifica.","dataAtualizacao":"2026-03-20 10:18:32","dataInicioVigencia":null,"dataFimVigencia":null,"data":"2026-03-17","numero":8176,"categoria":"Decreto","situacao":"Em vigor","descricao":""},{"ementa":"Autoriza o Poder Executivo a celebrar conv\u00eanio com a IRMANDADE DA SANTA CASA DE MISERIC\u00d3RDIA E MATERNIDADE DE DRACENA, conforme especifica.\r\nPostectomia","dataAtualizacao":"2026-03-20 11:25:12","dataInicioVigencia":null,"dataFimVigencia":null,"data":"2026-03-17","numero":5272,"categoria":"Lei Ordin\u00e1ria","situacao":"Em vigor","descricao":""},{"ementa":"EXONERAR, a pedido, o (a) Sr. (a) ELIANE MARIA FISCHER MARINHO, do \r\ncargo que especifica.","dataAtualizacao":"2026-03-25 09:49:18","dataInicioVigencia":null,"dataFimVigencia":null,"data":"2026-03-17","numero":368,"categoria":"Portaria","situacao":"Em vigor","descricao":""},{"ementa":"CONCEDER F\u00c9RIAS ao (a) Sr (a). FLAVIA TAYS RAMAL SILVA.","dataAtualizacao":"2026-03-25 09:47:48","dataInicioVigencia":null,"dataFimVigencia":null,"data":"2026-03-17","numero":367,"categoria":"Portaria","situacao":"Em vigor","descricao":""},{"ementa":"CONCEDER LICEN\u00c7A M\u00c9DICA ao (a) Sr (a). IDALINA LEA BAZOTTE MAZZO.","dataAtualizacao":"2026-03-25 09:45:53","dataInicioVigencia":null,"dataFimVigencia":null,"data":"2026-03-17","numero":366,"categoria":"Portaria","situacao":"Em vigor","descricao":""},{"ementa":"CONCEDER LICEN\u00c7A M\u00c9DICA ao (a) Sr (a). VALERIA CARBONE CARNEIRO \r\nMONTANHA.","dataAtualizacao":"2026-03-25 09:44:09","dataInicioVigencia":null,"dataFimVigencia":null,"data":"2026-03-17","numero":365,"categoria":"Portaria","situacao":"Em vigor","descricao":""},{"ementa":"EXONERAR, a pedido, o (a) Sr. (a) GABRIELA CRUZ ALMEIDA, do cargo que \r\nespecifica.","dataAtualizacao":"2026-03-25 09:42:02","dataInicioVigencia":null,"dataFimVigencia":null,"data":"2026-03-17","numero":364,"categoria":"Portaria","situacao":"Em vigor","descricao":""},{"ementa":"EXONERAR, a pedido, o (a) Sr. (a) JULIANA CORREA PEREIRA DA SILVA, do \r\ncargo que especifica.","dataAtualizacao":"2026-03-18 11:24:39","dataInicioVigencia":null,"dataFimVigencia":null,"data":"2026-03-17","numero":363,"categoria":"Portaria","situacao":"Em vigor","descricao":""},{"ementa":"Concede Licen\u00e7a Pr\u00eamio ao (a) Sr (a). CIRSA RODRIGUES DOS SANTOS.","dataAtualizacao":"2026-03-18 13:06:40","dataInicioVigencia":null,"dataFimVigencia":null,"data":"2026-03-16","numero":362,"categoria":"Portaria","situacao":"Em vigor","descricao":""},{"ementa":"NOMEAR, o (a) Sr (a) MARLI LUZIA MAROSTICA DA ROCHA para o cargo que \r\nespecifica.","dataAtualizacao":"2026-03-18 11:23:55","dataInicioVigencia":null,"dataFimVigencia":null,"data":"2026-03-16","numero":361,"categoria":"Portaria","situacao":"Em vigor","descricao":""},{"ementa":"CONCEDER LICEN\u00c7A M\u00c9DICA ao (a) Sr (a). RENATA TENDOLO JUNQUEIRA \r\nDE BARROS.","dataAtualizacao":"2026-03-18 11:23:08","dataInicioVigencia":null,"dataFimVigencia":null,"data":"2026-03-16","numero":360,"categoria":"Portaria","situacao":"Em vigor","descricao":""},{"ementa":"DESIGNAR o (a) Sr (a) JOSE ANTONIO BASSO LIRA para exercer em \r\nsubstitui\u00e7\u00e3o o cargo que especifica.","dataAtualizacao":"2026-03-18 11:22:25","dataInicioVigencia":null,"dataFimVigencia":null,"data":"2026-03-16","numero":359,"categoria":"Portaria","situacao":"Em vigor","descricao":""},{"ementa":"Disp\u00f5e sobre regulamenta\u00e7\u00e3o dos Benef\u00edcios Eventuais que integram a pol\u00edtica da Assist\u00eancia Social, previsto no artigo 22 da Lei Org\u00e2nica da Assist\u00eancia Social (LOAS Lei Federal n.\u00ba 8.742\/1993) e artigo 25 da Lei Municipal n.\u00ba 4.624\/2020, conforme previs\u00e3o do par\u00e1grafo \u00fanico do art. 7\u00ba do Decreto Municipal n\u00ba4.901 de 30 de novembro de 2021.","dataAtualizacao":"2026-03-20 10:16:04","dataInicioVigencia":null,"dataFimVigencia":null,"data":"2026-03-13","numero":8175,"categoria":"Decreto","situacao":"Em vigor","descricao":""},{"ementa":"Disp\u00f5e sobre altera\u00e7\u00e3o no Decreto n\u00ba 8.165\/2026.","dataAtualizacao":"2026-03-20 10:08:57","dataInicioVigencia":null,"dataFimVigencia":null,"data":"2026-03-13","numero":8174,"categoria":"Decreto","situacao":"Em vigor","descricao":""},{"ementa":"Concede Licen\u00e7a Pr\u00eamio ao (a) Sr (a). ROSANGELA APARECIDA MACHADO \r\nDE ALMEIDA.","dataAtualizacao":"2026-03-18 13:05:50","dataInicioVigencia":null,"dataFimVigencia":null,"data":"2026-03-13","numero":358,"categoria":"Portaria","situacao":"Em vigor","descricao":""},{"ementa":"DESIGNAR o (a) Sr (a) ARIELE MARQUES MAZZO para exercer em \r\nsubstitui\u00e7\u00e3o o cargo que especifica.","dataAtualizacao":"2026-03-18 11:21:33","dataInicioVigencia":null,"dataFimVigencia":null,"data":"2026-03-13","numero":357,"categoria":"Portaria","situacao":"Em vigor","descricao":""},{"ementa":"CONCEDER F\u00c9RIAS ao (a) Sr (a). PHELIPE HENRIQUE DE BRITO.","dataAtualizacao":"2026-03-18 11:20:47","dataInicioVigencia":null,"dataFimVigencia":null,"data":"2026-03-13","numero":356,"categoria":"Portaria","situacao":"Em vigor","descricao":""},{"ementa":"EXONERAR, a pedido, o (a) Sr. (a) GENI SOARES AMORIM SILVEIRA, do cargo \r\nque especifica.","dataAtualizacao":"2026-03-18 11:19:52","dataInicioVigencia":null,"dataFimVigencia":null,"data":"2026-03-13","numero":355,"categoria":"Portaria","situacao":"Em vigor","descricao":""},{"ementa":"Nomeia em est\u00e1gio probat\u00f3rio o (a) Sr (a) SANDRA MARCIA RODRIGUES \r\nFERREIRA, para o cargo que especifica.","dataAtualizacao":"2026-03-18 13:04:59","dataInicioVigencia":null,"dataFimVigencia":null,"data":"2026-03-13","numero":354,"categoria":"Portaria","situacao":"Em vigor","descricao":""},{"ementa":"Disp\u00f5e sobre altera\u00e7\u00e3o de\u00a0 membro do Conselho Diretor do PRODES \u2013 Programa de Desenvolvimento Sustent\u00e1vel, conforme especifica.","dataAtualizacao":"2026-03-20 09:57:58","dataInicioVigencia":null,"dataFimVigencia":null,"data":"2026-03-12","numero":8173,"categoria":"Decreto","situacao":"Em vigor","descricao":""},{"ementa":"CONCEDER LICEN\u00c7A M\u00c9DICA ao (a) Sr (a). MAIRA DA SILVA PESSOA.","dataAtualizacao":"2026-03-18 11:18:53","dataInicioVigencia":null,"dataFimVigencia":null,"data":"2026-03-12","numero":353,"categoria":"Portaria","situacao":"Em vigor","descricao":""},{"ementa":"EXONERAR, a pedido, o (a) Sr. (a) TATIANE JANES SIMIONATTO, do cargo que \r\nespecifica.","dataAtualizacao":"2026-03-18 11:18:02","dataInicioVigencia":null,"dataFimVigencia":null,"data":"2026-03-12","numero":352,"categoria":"Portaria","situacao":"Em vigor","descricao":""},{"ementa":"DESIGNAR INTERINAMENTE o (a) Sr (a) LUCIANA DE BARROS RODRIGUES \r\nAZEVEDO para exercer em substitui\u00e7\u00e3o o cargo que especifica.","dataAtualizacao":"2026-03-18 11:16:58","dataInicioVigencia":null,"dataFimVigencia":null,"data":"2026-03-12","numero":351,"categoria":"Portaria","situacao":"Em vigor","descricao":""},{"ementa":"CONCEDER LICEN\u00c7A MATERNIDADE ao (a) Sr (a). DANIELA HELOISA \r\nANTONIO FOGANHOLI.","dataAtualizacao":"2026-03-18 11:16:11","dataInicioVigencia":null,"dataFimVigencia":null,"data":"2026-03-12","numero":350,"categoria":"Portaria","situacao":"Em vigor","descricao":""},{"ementa":"EXONERAR, a pedido, o (a) Sr. (a) SUELLEN LARISSA DA SILVA PEREIRA, do \r\ncargo que especifica.","dataAtualizacao":"2026-03-18 11:15:24","dataInicioVigencia":null,"dataFimVigencia":null,"data":"2026-03-11","numero":349,"categoria":"Portaria","situacao":"Em vigor","descricao":""},{"ementa":"CONCEDER LICEN\u00c7A M\u00c9DICA ao (a) Sr (a). BIANCA DE SOUSA \r\nBERNARDINO ZANETTI.","dataAtualizacao":"2026-03-18 11:14:15","dataInicioVigencia":null,"dataFimVigencia":null,"data":"2026-03-11","numero":348,"categoria":"Portaria","situacao":"Em vigor","descricao":""},{"ementa":"DESIGNAR o (a) Sr (a) FABIO VERGINASSI RODRIGUES para exercer em \r\nsubstitui\u00e7\u00e3o o cargo que especifica.","dataAtualizacao":"2026-03-18 11:13:13","dataInicioVigencia":null,"dataFimVigencia":null,"data":"2026-03-11","numero":347,"categoria":"Portaria","situacao":"Em vigor","descricao":""},{"ementa":"CONCEDER LICEN\u00c7A M\u00c9DICA ao (a) Sr (a). JAIR ALVES DE AZEVEDO.","dataAtualizacao":"2026-03-18 11:12:13","dataInicioVigencia":null,"dataFimVigencia":null,"data":"2026-03-11","numero":346,"categoria":"Portaria","situacao":"Em vigor","descricao":""},{"ementa":"EXONERAR, a pedido, o (a) Sr. (a) MONIA MARIA BORGES DA COSTA, do \r\ncargo que especifica.","dataAtualizacao":"2026-03-12 14:35:47","dataInicioVigencia":null,"dataFimVigencia":null,"data":"2026-03-11","numero":345,"categoria":"Portaria","situacao":"Em vigor","descricao":""},{"ementa":"CONCEDER LICEN\u00c7A M\u00c9DICA ao (a) Sr (a). ROSANGELA APARECIDA DE \r\nMELO.","dataAtualizacao":"2026-03-12 14:33:58","dataInicioVigencia":null,"dataFimVigencia":null,"data":"2026-03-11","numero":344,"categoria":"Portaria","situacao":"Em vigor","descricao":""},{"ementa":"CONCEDER LICEN\u00c7A PARA TRATAR DE INTERESSE PARTICULAR ao (a) Sr.(a) \r\nJOSE ROBERTO DE SENA RODRIGUES.","dataAtualizacao":"2026-03-12 14:31:52","dataInicioVigencia":null,"dataFimVigencia":null,"data":"2026-03-11","numero":343,"categoria":"Portaria","situacao":"Em vigor","descricao":""},{"ementa":"Concede Licen\u00e7a Pr\u00eamio ao (a) Sr (a). CIRSA RODRIGUES DOS SANTOS.","dataAtualizacao":"2026-03-16 09:07:59","dataInicioVigencia":null,"dataFimVigencia":null,"data":"2026-03-11","numero":342,"categoria":"Portaria","situacao":"Em vigor","descricao":""},{"ementa":"CONCEDER F\u00c9RIAS ao (a) Sr (a). NATALIA CLAUDINO DE SOUZA.","dataAtualizacao":"2026-03-12 14:30:06","dataInicioVigencia":null,"dataFimVigencia":null,"data":"2026-03-11","numero":341,"categoria":"Portaria","situacao":"Em vigor","descricao":""},{"ementa":"Nomeia em est\u00e1gio probat\u00f3rio o (a) Sr (a) TIAGO DUARTE ULIAN, para o cargo que \r\nespecifica.","dataAtualizacao":"2026-03-16 09:06:59","dataInicioVigencia":null,"dataFimVigencia":null,"data":"2026-03-11","numero":340,"categoria":"Portaria","situacao":"Em vigor","descricao":""},{"ementa":"CONCEDER LICEN\u00c7A PARA TRATAR DE INTERESSE PARTICULAR ao (a) Sr.(a) \r\nTASSIANE KELLER STIVARI MANTOVANELI.","dataAtualizacao":"2026-03-12 14:28:54","dataInicioVigencia":null,"dataFimVigencia":null,"data":"2026-03-11","numero":339,"categoria":"Portaria","situacao":"Em vigor","descricao":""},{"ementa":"CONCEDER F\u00c9RIAS ao (a) Sr (a). CACILDA CANOLA RIBEIRO.","dataAtualizacao":"2026-03-12 14:27:13","dataInicioVigencia":null,"dataFimVigencia":null,"data":"2026-03-11","numero":338,"categoria":"Portaria","situacao":"Em vigor","descricao":""},{"ementa":"DESIGNAR o (a) Sr (a) MARCIA NEVES DE SA MANHANI para exercer em \r\nsubstitui\u00e7\u00e3o o cargo que especifica.","dataAtualizacao":"2026-03-25 09:39:25","dataInicioVigencia":null,"dataFimVigencia":null,"data":"2026-03-11","numero":337,"categoria":"Portaria","situacao":"Em vigor","descricao":""},{"ementa":"CONCEDER F\u00c9RIAS ao (a) Sr (a). JULIANO MACHADO FERRAZ.","dataAtualizacao":"2026-03-12 14:23:12","dataInicioVigencia":null,"dataFimVigencia":null,"data":"2026-03-11","numero":336,"categoria":"Portaria","situacao":"Em vigor","descricao":""},{"ementa":"Disciplina o processo de gest\u00e3o, execu\u00e7\u00e3o e controle das emendas parlamentares individuais e de bancada recebidas pelo Munic\u00edpio de Dracena, e d\u00e1 outras provid\u00eancias.","dataAtualizacao":"2026-03-20 09:55:51","dataInicioVigencia":null,"dataFimVigencia":null,"data":"2026-03-10","numero":8172,"categoria":"Decreto","situacao":"Em vigor","descricao":""},{"ementa":"CONCEDER LICEN\u00c7A ACIDENTE DE TRABALHO ao (a) Sr (a). MARCELO DE \r\nOLIVEIRA NEVES.","dataAtualizacao":"2026-03-12 14:21:23","dataInicioVigencia":null,"dataFimVigencia":null,"data":"2026-03-10","numero":335,"categoria":"Portaria","situacao":"Em vigor","descricao":""},{"ementa":"CONCEDER LICEN\u00c7A ACIDENTE DE TRABALHO ao (a) Sr (a). ANGELO JOSE \r\nGRILO DA SILVA.","dataAtualizacao":"2026-03-12 14:18:46","dataInicioVigencia":null,"dataFimVigencia":null,"data":"2026-03-09","numero":334,"categoria":"Portaria","situacao":"Em vigor","descricao":""},{"ementa":"CONCEDER LICEN\u00c7A M\u00c9DICA ao (a) Sr (a). FRANCINE BACARO \r\nVASCONCELOS ALENCAR.","dataAtualizacao":"2026-03-12 14:15:14","dataInicioVigencia":null,"dataFimVigencia":null,"data":"2026-03-09","numero":333,"categoria":"Portaria","situacao":"Em vigor","descricao":""},{"ementa":"Disp\u00f5e sobre a doa\u00e7\u00e3o de bens m\u00f3veis municipais ao Fundo Social de Solidariedade do munic\u00edpio de Dracena, conforme especifica.\r\nBer\u00e7os","dataAtualizacao":"2026-03-20 09:41:59","dataInicioVigencia":null,"dataFimVigencia":null,"data":"2026-03-06","numero":8170,"categoria":"Decreto","situacao":"Em vigor","descricao":""},{"ementa":"CONCEDER LICEN\u00c7A M\u00c9DICA ao (a) Sr (a). ADRIELE SILVA SOATO \r\nCAVALHEIRO.","dataAtualizacao":"2026-03-12 14:13:50","dataInicioVigencia":null,"dataFimVigencia":null,"data":"2026-03-06","numero":332,"categoria":"Portaria","situacao":"Em vigor","descricao":""},{"ementa":"EXONERAR, a pedido, o (a) Sr. (a) TAYNA BOLDONI REDIGULO, do cargo que \r\nespecifica.","dataAtualizacao":"2026-03-12 14:12:23","dataInicioVigencia":null,"dataFimVigencia":null,"data":"2026-03-06","numero":331,"categoria":"Portaria","situacao":"Em vigor","descricao":""},{"ementa":"CONCEDER LICEN\u00c7A M\u00c9DICA ao (a) Sr (a). MARCIO ZEFERINO \r\nGONCALVES.","dataAtualizacao":"2026-03-12 14:09:36","dataInicioVigencia":null,"dataFimVigencia":null,"data":"2026-03-06","numero":330,"categoria":"Portaria","situacao":"Em vigor","descricao":""},{"ementa":"CONCEDER LICEN\u00c7A M\u00c9DICA ao (a) Sr (a). STEFFANY APARECIDA GARCIA \r\nFERNANDES.","dataAtualizacao":"2026-03-12 14:06:28","dataInicioVigencia":null,"dataFimVigencia":null,"data":"2026-03-06","numero":329,"categoria":"Portaria","situacao":"Em vigor","descricao":""},{"ementa":"CONCEDER LICEN\u00c7A M\u00c9DICA ao (a) Sr (a). DANIELA HELOISA ANTONIO \r\nFOGANHOLI.","dataAtualizacao":"2026-03-11 16:08:08","dataInicioVigencia":null,"dataFimVigencia":null,"data":"2026-03-05","numero":328,"categoria":"Portaria","situacao":"Em vigor","descricao":""},{"ementa":"DESIGNAR o (a) Sr (a) AMAURI JOSE DA SILVA para exercer em \r\nsubstitui\u00e7\u00e3o o cargo que especifica.","dataAtualizacao":"2026-03-11 16:05:28","dataInicioVigencia":null,"dataFimVigencia":null,"data":"2026-03-05","numero":327,"categoria":"Portaria","situacao":"Em vigor","descricao":""},{"ementa":"EXONERAR, a pedido, o (a) Sr. (a) VITORIA CAROLINA DA SILVA, do cargo que \r\nespecifica.","dataAtualizacao":"2026-03-11 16:04:33","dataInicioVigencia":null,"dataFimVigencia":null,"data":"2026-03-05","numero":326,"categoria":"Portaria","situacao":"Em vigor","descricao":""},{"ementa":"DESIGNAR o (a) Sr (a) THAISA DA SILVA VIEIRA para exercer em \r\nsubstitui\u00e7\u00e3o o cargo que especifica.","dataAtualizacao":"2026-03-11 16:03:12","dataInicioVigencia":null,"dataFimVigencia":null,"data":"2026-03-05","numero":325,"categoria":"Portaria","situacao":"Em vigor","descricao":""},{"ementa":"CONCEDER LICEN\u00c7A M\u00c9DICA ao (a) Sr (a). ROSELI DE SOUZA ALMEIDA.","dataAtualizacao":"2026-03-11 16:02:01","dataInicioVigencia":null,"dataFimVigencia":null,"data":"2026-03-04","numero":324,"categoria":"Portaria","situacao":"Em vigor","descricao":""},{"ementa":"CONCEDER LICEN\u00c7A M\u00c9DICA ao (a) Sr (a). LIVIA TIEKO CERVO MACENO.","dataAtualizacao":"2026-03-11 16:00:48","dataInicioVigencia":null,"dataFimVigencia":null,"data":"2026-03-04","numero":323,"categoria":"Portaria","situacao":"Em vigor","descricao":""},{"ementa":"DESIGNAR o (a) Sr (a) LEANDRO CARVALHO PISTORI para exercer em \r\nsubstitui\u00e7\u00e3o o cargo que especifica.","dataAtualizacao":"2026-03-11 15:59:33","dataInicioVigencia":null,"dataFimVigencia":null,"data":"2026-03-04","numero":322,"categoria":"Portaria","situacao":"Em vigor","descricao":""},{"ementa":"DESIGNAR o (a) Sr (a) GRAZIELY DA SILVA GAMA NOVAES para exercer em \r\nsubstitui\u00e7\u00e3o o cargo que especifica.","dataAtualizacao":"2026-03-11 15:58:24","dataInicioVigencia":null,"dataFimVigencia":null,"data":"2026-03-04","numero":321,"categoria":"Portaria","situacao":"Em vigor","descricao":""},{"ementa":"Disp\u00f5e sobre a concess\u00e3o da Gratifica\u00e7\u00e3o por Tempo Integral e Dedica\u00e7\u00e3o Exclusiva \u2013 GTIDE \r\nao(\u00e0) servidor(a) Sr.(a) AIRTON VITOR DE OLIVEIRA e d\u00e1 outras provid\u00eancias.","dataAtualizacao":"2026-03-06 11:27:50","dataInicioVigencia":null,"dataFimVigencia":null,"data":"2026-03-04","numero":320,"categoria":"Portaria","situacao":"Em vigor","descricao":""},{"ementa":"Disp\u00f5e sobre a concess\u00e3o da Gratifica\u00e7\u00e3o por Tempo Integral e Dedica\u00e7\u00e3o Exclusiva \u2013 GTIDE \r\nao(\u00e0) servidor(a) Sr.(a) APARECIDO PORFIRIO SOARES e d\u00e1 outras provid\u00eancias.","dataAtualizacao":"2026-03-06 11:26:46","dataInicioVigencia":null,"dataFimVigencia":null,"data":"2026-03-04","numero":319,"categoria":"Portaria","situacao":"Em vigor","descricao":""},{"ementa":"Disp\u00f5e sobre a concess\u00e3o da Gratifica\u00e7\u00e3o por Tempo Integral e Dedica\u00e7\u00e3o Exclusiva \u2013 GTIDE \r\nao(\u00e0) servidor(a) Sr.(a) CAIO CESAR ALVES e d\u00e1 outras provid\u00eancias.","dataAtualizacao":"2026-03-06 11:25:19","dataInicioVigencia":null,"dataFimVigencia":null,"data":"2026-03-04","numero":318,"categoria":"Portaria","situacao":"Em vigor","descricao":""},{"ementa":"Disp\u00f5e sobre a concess\u00e3o da Gratifica\u00e7\u00e3o por Tempo Integral e Dedica\u00e7\u00e3o Exclusiva \u2013 GTIDE \r\nao(\u00e0) servidor(a) Sr.(a) CARLOS ANTONIO LUZIA e d\u00e1 outras provid\u00eancias.","dataAtualizacao":"2026-03-06 11:23:45","dataInicioVigencia":null,"dataFimVigencia":null,"data":"2026-03-04","numero":317,"categoria":"Portaria","situacao":"Em vigor","descricao":""},{"ementa":"Disp\u00f5e sobre a concess\u00e3o da Gratifica\u00e7\u00e3o por Tempo Integral e Dedica\u00e7\u00e3o Exclusiva \u2013 GTIDE \r\nao(\u00e0) servidor(a) Sr.(a) CIRSO PEREIRA DA ROCHA e d\u00e1 outras provid\u00eancias.","dataAtualizacao":"2026-03-06 11:21:55","dataInicioVigencia":null,"dataFimVigencia":null,"data":"2026-03-04","numero":316,"categoria":"Portaria","situacao":"Em vigor","descricao":""},{"ementa":"Disp\u00f5e sobre a concess\u00e3o da Gratifica\u00e7\u00e3o por Tempo Integral e Dedica\u00e7\u00e3o Exclusiva \u2013 GTIDE \r\nao(\u00e0) servidor(a) Sr.(a) CLAUDIO SALES DE BARROS e d\u00e1 outras provid\u00eancias.","dataAtualizacao":"2026-03-06 11:20:52","dataInicioVigencia":null,"dataFimVigencia":null,"data":"2026-03-04","numero":315,"categoria":"Portaria","situacao":"Em vigor","descricao":""},{"ementa":"Disp\u00f5e sobre a concess\u00e3o da Gratifica\u00e7\u00e3o por Tempo Integral e Dedica\u00e7\u00e3o Exclusiva \u2013 GTIDE \r\nao(\u00e0) servidor(a) Sr.(a) ELIENE DOS SANTOS CANALLES e d\u00e1 outras provid\u00eancias.","dataAtualizacao":"2026-03-06 11:18:58","dataInicioVigencia":null,"dataFimVigencia":null,"data":"2026-03-04","numero":314,"categoria":"Portaria","situacao":"Em vigor","descricao":""},{"ementa":"Disp\u00f5e sobre a concess\u00e3o da Gratifica\u00e7\u00e3o por Tempo Integral e Dedica\u00e7\u00e3o Exclusiva \u2013 GTIDE \r\nao(\u00e0) servidor(a) Sr.(a) GABRIEL VALERIO DO NASCIMENTO e d\u00e1 outras provid\u00eancias.","dataAtualizacao":"2026-03-06 11:16:26","dataInicioVigencia":null,"dataFimVigencia":null,"data":"2026-03-04","numero":313,"categoria":"Portaria","situacao":"Em vigor","descricao":""},{"ementa":"Disp\u00f5e sobre a concess\u00e3o da Gratifica\u00e7\u00e3o por Tempo Integral e Dedica\u00e7\u00e3o Exclusiva \u2013 GTIDE \r\nao(\u00e0) servidor(a) Sr.(a) HEITOR CRISTIAN ZANIBONI e d\u00e1 outras provid\u00eancias.","dataAtualizacao":"2026-03-06 11:14:56","dataInicioVigencia":null,"dataFimVigencia":null,"data":"2026-03-04","numero":312,"categoria":"Portaria","situacao":"Em vigor","descricao":""},{"ementa":"Disp\u00f5e sobre a concess\u00e3o da Gratifica\u00e7\u00e3o por Tempo Integral e Dedica\u00e7\u00e3o Exclusiva \u2013 GTIDE \r\nao(\u00e0) servidor(a) Sr.(a) JOSE CARLOS PEREIRA e d\u00e1 outras provid\u00eancias.","dataAtualizacao":"2026-03-06 11:13:21","dataInicioVigencia":null,"dataFimVigencia":null,"data":"2026-03-04","numero":311,"categoria":"Portaria","situacao":"Em vigor","descricao":""},{"ementa":"Disp\u00f5e sobre a concess\u00e3o da Gratifica\u00e7\u00e3o por Tempo Integral e Dedica\u00e7\u00e3o Exclusiva \u2013 GTIDE \r\nao(\u00e0) servidor(a) Sr.(a) JOSE DAS CANDEIAS DOS SANTOS e d\u00e1 outras provid\u00eancias.","dataAtualizacao":"2026-03-06 11:11:21","dataInicioVigencia":null,"dataFimVigencia":null,"data":"2026-03-04","numero":310,"categoria":"Portaria","situacao":"Em vigor","descricao":""},{"ementa":"Disp\u00f5e sobre a concess\u00e3o da Gratifica\u00e7\u00e3o por Tempo Integral e Dedica\u00e7\u00e3o Exclusiva \u2013 GTIDE \r\nao(\u00e0) servidor(a) Sr.(a) JUAREZ ALVES PINTO e d\u00e1 outras provid\u00eancias.","dataAtualizacao":"2026-03-06 11:09:29","dataInicioVigencia":null,"dataFimVigencia":null,"data":"2026-03-04","numero":309,"categoria":"Portaria","situacao":"Em vigor","descricao":""},{"ementa":"Disp\u00f5e sobre a concess\u00e3o da Gratifica\u00e7\u00e3o por Tempo Integral e Dedica\u00e7\u00e3o Exclusiva \u2013 GTIDE \r\nao(\u00e0) servidor(a) Sr.(a) KATIA PERPETUA MARTINS e d\u00e1 outras provid\u00eancias.","dataAtualizacao":"2026-03-06 11:05:52","dataInicioVigencia":null,"dataFimVigencia":null,"data":"2026-03-04","numero":308,"categoria":"Portaria","situacao":"Em vigor","descricao":""},{"ementa":"Disp\u00f5e sobre a concess\u00e3o da Gratifica\u00e7\u00e3o por Tempo Integral e Dedica\u00e7\u00e3o Exclusiva \u2013 GTIDE \r\nao(\u00e0) servidor(a) Sr.(a) LEONARDO DE MENEZES VIEIRA e d\u00e1 outras provid\u00eancias.","dataAtualizacao":"2026-03-06 10:59:01","dataInicioVigencia":null,"dataFimVigencia":null,"data":"2026-03-04","numero":307,"categoria":"Portaria","situacao":"Em vigor","descricao":""},{"ementa":"Disp\u00f5e sobre a concess\u00e3o da Gratifica\u00e7\u00e3o por Tempo Integral e Dedica\u00e7\u00e3o Exclusiva \u2013 GTIDE \r\nao(\u00e0) servidor(a) Sr.(a) LEONIDIO GONSALVES DA SILVA e d\u00e1 outras provid\u00eancias.","dataAtualizacao":"2026-03-06 10:56:15","dataInicioVigencia":null,"dataFimVigencia":null,"data":"2026-03-04","numero":306,"categoria":"Portaria","situacao":"Em vigor","descricao":""},{"ementa":"Disp\u00f5e sobre a concess\u00e3o da Gratifica\u00e7\u00e3o por Tempo Integral e Dedica\u00e7\u00e3o Exclusiva \u2013 GTIDE \r\nao(\u00e0) servidor(a) Sr.(a) LUCAS FIRMINO BRANCO e d\u00e1 outras provid\u00eancias.","dataAtualizacao":"2026-03-06 10:53:58","dataInicioVigencia":null,"dataFimVigencia":null,"data":"2026-03-04","numero":305,"categoria":"Portaria","situacao":"Em vigor","descricao":""},{"ementa":"Disp\u00f5e sobre a concess\u00e3o da Gratifica\u00e7\u00e3o por Tempo Integral e Dedica\u00e7\u00e3o Exclusiva \u2013 GTIDE \r\nao(\u00e0) servidor(a) Sr.(a) LUIZ AUGUSTO ALVES e d\u00e1 outras provid\u00eancias.","dataAtualizacao":"2026-03-06 10:47:39","dataInicioVigencia":null,"dataFimVigencia":null,"data":"2026-03-04","numero":304,"categoria":"Portaria","situacao":"Em vigor","descricao":""},{"ementa":"Disp\u00f5e sobre a concess\u00e3o da Gratifica\u00e7\u00e3o por Tempo Integral e Dedica\u00e7\u00e3o Exclusiva \u2013 GTIDE \r\nao(\u00e0) servidor(a) Sr.(a) LUIZ DOMILSON LADISLAU e d\u00e1 outras provid\u00eancias.","dataAtualizacao":"2026-03-06 10:45:40","dataInicioVigencia":null,"dataFimVigencia":null,"data":"2026-03-04","numero":303,"categoria":"Portaria","situacao":"Em vigor","descricao":""},{"ementa":"Disp\u00f5e sobre a concess\u00e3o da Gratifica\u00e7\u00e3o por Tempo Integral e Dedica\u00e7\u00e3o Exclusiva \u2013 GTIDE \r\nao(\u00e0) servidor(a) Sr.(a) MARLI ALVES MORAIS DE SOUZA e d\u00e1 outras provid\u00eancias.","dataAtualizacao":"2026-03-06 10:40:45","dataInicioVigencia":null,"dataFimVigencia":null,"data":"2026-03-04","numero":302,"categoria":"Portaria","situacao":"Em vigor","descricao":""},{"ementa":"Disp\u00f5e sobre a concess\u00e3o da Gratifica\u00e7\u00e3o por Tempo Integral e Dedica\u00e7\u00e3o Exclusiva \u2013 GTIDE \r\nao(\u00e0) servidor(a) Sr.(a) ODEMAR RIBEIRO DE SOUZA e d\u00e1 outras provid\u00eancias.","dataAtualizacao":"2026-03-06 10:39:31","dataInicioVigencia":null,"dataFimVigencia":null,"data":"2026-03-04","numero":301,"categoria":"Portaria","situacao":"Em vigor","descricao":""},{"ementa":"Disp\u00f5e sobre a concess\u00e3o da Gratifica\u00e7\u00e3o por Tempo Integral e Dedica\u00e7\u00e3o Exclusiva \u2013 GTIDE \r\nao(\u00e0) servidor(a) Sr.(a) TIAGO DENER PEREIRA e d\u00e1 outras provid\u00eancias.","dataAtualizacao":"2026-03-06 10:37:52","dataInicioVigencia":null,"dataFimVigencia":null,"data":"2026-03-04","numero":300,"categoria":"Portaria","situacao":"Em vigor","descricao":""},{"ementa":"Disp\u00f5e sobre a concess\u00e3o da Gratifica\u00e7\u00e3o por Tempo Integral e Dedica\u00e7\u00e3o Exclusiva \u2013 GTIDE \r\nao(\u00e0) servidor(a) Sr.(a) VIVIAN PERPETUA MARTINS DE ANDRADE e d\u00e1 outras provid\u00eancias.","dataAtualizacao":"2026-03-06 10:35:31","dataInicioVigencia":null,"dataFimVigencia":null,"data":"2026-03-04","numero":299,"categoria":"Portaria","situacao":"Em vigor","descricao":""},{"ementa":"Disp\u00f5e sobre a concess\u00e3o da Gratifica\u00e7\u00e3o por Tempo Integral e Dedica\u00e7\u00e3o Exclusiva \u2013 GTIDE \r\nao(\u00e0) servidor(a) Sr.(a) WILLIAM QUERINO DE SOUZA e d\u00e1 outras provid\u00eancias.","dataAtualizacao":"2026-03-06 10:33:41","dataInicioVigencia":null,"dataFimVigencia":null,"data":"2026-03-04","numero":298,"categoria":"Portaria","situacao":"Em vigor","descricao":""},{"ementa":"Disp\u00f5e sobre a concess\u00e3o da Gratifica\u00e7\u00e3o por Tempo Integral e Dedica\u00e7\u00e3o Exclusiva \u2013 GTIDE \r\nao(\u00e0) servidor(a) Sr.(a) WILLIAN MARCELO DE MELO XAVIER e d\u00e1 outras provid\u00eancias.","dataAtualizacao":"2026-03-06 10:31:01","dataInicioVigencia":null,"dataFimVigencia":null,"data":"2026-03-04","numero":297,"categoria":"Portaria","situacao":"Em vigor","descricao":""},{"ementa":"Disp\u00f5e sobre a concess\u00e3o da Gratifica\u00e7\u00e3o por Tempo Integral e Dedica\u00e7\u00e3o Exclusiva \u2013 GTIDE \r\nao(\u00e0) servidor(a) Sr.(a) ANDERSON SOARES MACHADO e d\u00e1 outras provid\u00eancias.","dataAtualizacao":"2026-03-06 10:28:38","dataInicioVigencia":null,"dataFimVigencia":null,"data":"2026-03-04","numero":296,"categoria":"Portaria","situacao":"Em vigor","descricao":""},{"ementa":"Disp\u00f5e sobre a concess\u00e3o da Gratifica\u00e7\u00e3o por Tempo Integral e Dedica\u00e7\u00e3o Exclusiva \u2013 GTIDE \r\nao(\u00e0) servidor(a) Sr.(a) CLAUDIO JOSE ARAUJO e d\u00e1 outras provid\u00eancias.","dataAtualizacao":"2026-03-06 10:27:00","dataInicioVigencia":null,"dataFimVigencia":null,"data":"2026-03-04","numero":295,"categoria":"Portaria","situacao":"Em vigor","descricao":""},{"ementa":"DESIGNAR o (a) Sr (a) BRUNA RISSETE FERRO para exercer em \r\nsubstitui\u00e7\u00e3o o cargo que especifica.","dataAtualizacao":"2026-03-06 10:25:40","dataInicioVigencia":null,"dataFimVigencia":null,"data":"2026-03-04","numero":294,"categoria":"Portaria","situacao":"Em vigor","descricao":""},{"ementa":"Disp\u00f5e sobre altera\u00e7\u00e3o nos incisos II e III, do art. 3\u00ba, da Lei n\u00ba 2.842\/1999, com nova reda\u00e7\u00e3o dada pela Lei n\u00ba 4.777\/2019, conforme especifica.\r\nAltera Conselho de Desenvolvimento Rural.","dataAtualizacao":"2026-03-04 15:42:47","dataInicioVigencia":null,"dataFimVigencia":null,"data":"2026-03-03","numero":5271,"categoria":"Lei Ordin\u00e1ria","situacao":"Em vigor","descricao":""},{"ementa":"Disp\u00f5e sobre autoriza\u00e7\u00e3o ao Poder Executivo para atuar em colabora\u00e7\u00e3o com o DER e d\u00e1 outras provid\u00eancias.","dataAtualizacao":"2026-03-04 15:39:14","dataInicioVigencia":null,"dataFimVigencia":null,"data":"2026-03-03","numero":642,"categoria":"Lei Complementar","situacao":"Em vigor","descricao":""},{"ementa":"EXONERAR, a pedido, o (a) Sr. (a) KATIA ELIZABETH DE OLIVEIRA CEARA, do \r\ncargo que especifica.","dataAtualizacao":"2026-03-06 10:24:20","dataInicioVigencia":null,"dataFimVigencia":null,"data":"2026-03-03","numero":293,"categoria":"Portaria","situacao":"Em vigor","descricao":""},{"ementa":"CONCEDER F\u00c9RIAS ao (a) Sr (a). FABIO VERGINASSI RODRIGUES.","dataAtualizacao":"2026-03-06 10:23:22","dataInicioVigencia":null,"dataFimVigencia":null,"data":"2026-03-03","numero":292,"categoria":"Portaria","situacao":"Em vigor","descricao":""},{"ementa":"CONCEDER LICEN\u00c7A M\u00c9DICA ACOMPANHANTE ao (a) Sr (a). IDALINA LEA \r\nBAZOTTE MAZZO.","dataAtualizacao":"2026-03-06 13:39:40","dataInicioVigencia":null,"dataFimVigencia":null,"data":"2026-03-03","numero":291,"categoria":"Portaria","situacao":"Em vigor","descricao":""},{"ementa":"Disp\u00f5e sobre altera\u00e7\u00e3o no Decreto n\u00ba 7.825\/2023, conforme especifica.","dataAtualizacao":"2026-03-03 14:46:47","dataInicioVigencia":null,"dataFimVigencia":null,"data":"2026-03-02","numero":8169,"categoria":"Decreto","situacao":"Em vigor","descricao":""},{"ementa":"Concede Licen\u00e7a Pr\u00eamio ao (a) Sr (a). APARECIDA BENEDITA DE SOUSA \r\nSILVA.","dataAtualizacao":"2026-03-03 13:36:52","dataInicioVigencia":null,"dataFimVigencia":null,"data":"2026-03-02","numero":290,"categoria":"Portaria","situacao":"Em vigor","descricao":""},{"ementa":"CONCEDER F\u00c9RIAS ao (a) Sr (a). PATRICIA BATISTELA INOCENCIO.","dataAtualizacao":"2026-03-03 13:33:07","dataInicioVigencia":null,"dataFimVigencia":null,"data":"2026-03-02","numero":289,"categoria":"Portaria","situacao":"Em vigor","descricao":""},{"ementa":"CONCEDER F\u00c9RIAS ao (a) Sr (a). LUCINEIA FIGUEIREDO DOS SANTOS.","dataAtualizacao":"2026-03-03 13:32:13","dataInicioVigencia":null,"dataFimVigencia":null,"data":"2026-03-02","numero":288,"categoria":"Portaria","situacao":"Em vigor","descricao":""},{"ementa":"CONCEDER F\u00c9RIAS ao (a) Sr (a). ABILIO CLIMACO PEREIRA.","dataAtualizacao":"2026-03-03 13:31:12","dataInicioVigencia":null,"dataFimVigencia":null,"data":"2026-03-02","numero":287,"categoria":"Portaria","situacao":"Em vigor","descricao":""},{"ementa":"Disp\u00f5e sobre a concess\u00e3o da Gratifica\u00e7\u00e3o por Tempo Integral e Dedica\u00e7\u00e3o Exclusiva \u2013 GTIDE \r\nao(\u00e0) servidor(a) Sr.(a) ANTONIO EDUARDO PENHA e d\u00e1 outras provid\u00eancias.","dataAtualizacao":"2026-03-03 13:30:11","dataInicioVigencia":null,"dataFimVigencia":null,"data":"2026-03-02","numero":286,"categoria":"Portaria","situacao":"Em vigor","descricao":""},{"ementa":"DESIGNAR o (a) Sr (a) MARIANA LUCIDIO GIMENEZ para exercer em \r\nsubstitui\u00e7\u00e3o o cargo que especifica.","dataAtualizacao":"2026-03-03 13:28:57","dataInicioVigencia":null,"dataFimVigencia":null,"data":"2026-02-27","numero":285,"categoria":"Portaria","situacao":"Em vigor","descricao":""},{"ementa":"DESIGNAR o (a) Sr (a) ELIANA HOSHIMOTO ALVES para exercer em \r\nsubstitui\u00e7\u00e3o o cargo que especifica.","dataAtualizacao":"2026-03-03 13:27:40","dataInicioVigencia":null,"dataFimVigencia":null,"data":"2026-02-27","numero":284,"categoria":"Portaria","situacao":"Em vigor","descricao":""},{"ementa":"EXONERAR o (a) Sr (a) FLORINDO PINHANELI, do cargo que especifica.","dataAtualizacao":"2026-03-06 13:35:45","dataInicioVigencia":null,"dataFimVigencia":null,"data":"2026-02-27","numero":283,"categoria":"Portaria","situacao":"Em vigor","descricao":""},{"ementa":"EXONERAR o (a) Sr (a) PAULO DE OLIVEIRA FERRAZ, do cargo que \r\nespecifica.","dataAtualizacao":"2026-03-06 13:32:37","dataInicioVigencia":null,"dataFimVigencia":null,"data":"2026-02-27","numero":282,"categoria":"Portaria","situacao":"Em vigor","descricao":""},{"ementa":"CONCEDER LICEN\u00c7A M\u00c9DICA ao (a) Sr (a). IOLANDA GALVAO DA ROCHA \r\nVENA.","dataAtualizacao":"2026-03-03 13:26:13","dataInicioVigencia":null,"dataFimVigencia":null,"data":"2026-02-26","numero":281,"categoria":"Portaria","situacao":"Em vigor","descricao":""},{"ementa":"EXONERAR, a pedido, o (a) Sr. (a) ANA LUCIA JOAQUIM DOS SANTOS, do \r\ncargo que especifica.","dataAtualizacao":"2026-03-03 13:24:18","dataInicioVigencia":null,"dataFimVigencia":null,"data":"2026-02-26","numero":280,"categoria":"Portaria","situacao":"Em vigor","descricao":""},{"ementa":"EXONERAR, a pedido, o (a) Sr. (a) JOAO HENRIQUE ALVES CUSTODIO, do \r\ncargo que especifica.","dataAtualizacao":"2026-03-03 13:22:48","dataInicioVigencia":null,"dataFimVigencia":null,"data":"2026-02-26","numero":279,"categoria":"Portaria","situacao":"Em vigor","descricao":""},{"ementa":"EXONERAR, a pedido, o (a) Sr. (a) ENAIE SANCHES DE SOUZA, do cargo que \r\nespecifica.","dataAtualizacao":"2026-03-03 13:20:00","dataInicioVigencia":null,"dataFimVigencia":null,"data":"2026-02-26","numero":278,"categoria":"Portaria","situacao":"Em vigor","descricao":""},{"ementa":"Nomeia em est\u00e1gio probat\u00f3rio o (a) Sr (a) KATIA ELIZABETH DE OLIVEIRA CEARA, \r\npara o cargo que especifica.","dataAtualizacao":"2026-03-03 13:42:29","dataInicioVigencia":null,"dataFimVigencia":null,"data":"2026-02-26","numero":277,"categoria":"Portaria","situacao":"Em vigor","descricao":""},{"ementa":"Nomeia em est\u00e1gio probat\u00f3rio o (a) Sr (a) GABRIELA CRUZ ALMEIDA, para o cargo \r\nque especifica.","dataAtualizacao":"2026-03-03 13:41:32","dataInicioVigencia":null,"dataFimVigencia":null,"data":"2026-02-26","numero":276,"categoria":"Portaria","situacao":"Em vigor","descricao":""},{"ementa":"CONCEDER LICEN\u00c7A M\u00c9DICA ACOMPANHANTE ao (a) Sr (a). CRISTINA \r\nMAIA PRADO.","dataAtualizacao":"2026-03-03 13:17:31","dataInicioVigencia":null,"dataFimVigencia":null,"data":"2026-02-26","numero":275,"categoria":"Portaria","situacao":"Em vigor","descricao":""},{"ementa":"CONCEDER LICEN\u00c7A M\u00c9DICA ACOMPANHANTE ao (a) Sr (a). ELISANGELA \r\nOLIVEIRA DOS ANJOS.","dataAtualizacao":"2026-03-03 13:15:32","dataInicioVigencia":null,"dataFimVigencia":null,"data":"2026-02-25","numero":274,"categoria":"Portaria","situacao":"Em vigor","descricao":""},{"ementa":"CONCEDER F\u00c9RIAS ao (a) Sr (a). VERA MARIA CHITERO PESSOA.","dataAtualizacao":"2026-03-03 11:24:54","dataInicioVigencia":null,"dataFimVigencia":null,"data":"2026-02-25","numero":273,"categoria":"Portaria","situacao":"Em vigor","descricao":""},{"ementa":"CONCEDER LICEN\u00c7A M\u00c9DICA ACOMPANHANTE ao (a) Sr (a). LADISLAINE \r\nMEDEIROS FERNANDES.","dataAtualizacao":"2026-03-03 11:23:43","dataInicioVigencia":null,"dataFimVigencia":null,"data":"2026-02-24","numero":272,"categoria":"Portaria","situacao":"Em vigor","descricao":""},{"ementa":"CONCEDER LICEN\u00c7A M\u00c9DICA ao (a) Sr (a). PRISCILA FERNANDA ADAMI.","dataAtualizacao":"2026-03-03 11:22:34","dataInicioVigencia":null,"dataFimVigencia":null,"data":"2026-02-24","numero":271,"categoria":"Portaria","situacao":"Em vigor","descricao":""},{"ementa":"DESIGNAR o (a) Sr (a) JESSICA DE FREITAS HUNGARO PEDRO para exercer \r\nem substitui\u00e7\u00e3o o cargo que especifica.","dataAtualizacao":"2026-03-03 11:21:36","dataInicioVigencia":null,"dataFimVigencia":null,"data":"2026-02-24","numero":270,"categoria":"Portaria","situacao":"Em vigor","descricao":""},{"ementa":"DISPENSAR, o (a) servidor (a) Sr. (a) OSMAR EDSON DA SILVA JUNIOR, do \r\nregistro eletr\u00f4nico de ponto.","dataAtualizacao":"2026-03-03 11:19:55","dataInicioVigencia":null,"dataFimVigencia":null,"data":"2026-02-24","numero":269,"categoria":"Portaria","situacao":"Em vigor","descricao":""},{"ementa":"NOMEAR, o (a) Sr (a) OSMAR EDSON DA SILVA JUNIOR para o cargo que \r\nespecifica.","dataAtualizacao":"2026-03-03 11:19:02","dataInicioVigencia":null,"dataFimVigencia":null,"data":"2026-02-24","numero":268,"categoria":"Portaria","situacao":"Em vigor","descricao":""},{"ementa":"CONCEDER LICEN\u00c7A M\u00c9DICA ACOMPANHANTE ao (a) Sr (a). GILVANIA \r\nSANTOS FERREIRA DE SOUZA SOBRAL.","dataAtualizacao":"2026-03-03 11:17:54","dataInicioVigencia":null,"dataFimVigencia":null,"data":"2026-02-23","numero":267,"categoria":"Portaria","situacao":"Em vigor","descricao":""},{"ementa":"CONCEDER LICEN\u00c7A M\u00c9DICA ao (a) Sr (a). FABIO VERGINASSI \r\nRODRIGUES.","dataAtualizacao":"2026-03-03 11:10:31","dataInicioVigencia":null,"dataFimVigencia":null,"data":"2026-02-23","numero":266,"categoria":"Portaria","situacao":"Em vigor","descricao":""},{"ementa":"CONCEDER F\u00c9RIAS ao (a) Sr (a). ALINE BARBOSA DE ALMEIDA OLIVEIRA.","dataAtualizacao":"2026-03-03 11:09:14","dataInicioVigencia":null,"dataFimVigencia":null,"data":"2026-02-23","numero":265,"categoria":"Portaria","situacao":"Em vigor","descricao":""},{"ementa":"Prorroga a posse do (a) Sr (a) MEIRE MARIA CENEDESI.","dataAtualizacao":"2026-03-06 13:30:30","dataInicioVigencia":null,"dataFimVigencia":null,"data":"2026-02-23","numero":264,"categoria":"Portaria","situacao":"Em vigor","descricao":""},{"ementa":"CONCEDER LICEN\u00c7A M\u00c9DICA ao (a) Sr (a). JOAO EVANDRO DE SOUZA.","dataAtualizacao":"2026-03-03 11:07:53","dataInicioVigencia":null,"dataFimVigencia":null,"data":"2026-02-23","numero":263,"categoria":"Portaria","situacao":"Em vigor","descricao":""},{"ementa":"EXONERAR, a pedido, o (a) Sr. (a) PAOLA DENONI PIETRUCCI, do cargo que \r\nespecifica.","dataAtualizacao":"2026-03-03 11:06:19","dataInicioVigencia":null,"dataFimVigencia":null,"data":"2026-02-23","numero":262,"categoria":"Portaria","situacao":"Em vigor","descricao":""},{"ementa":"EXONERAR, a pedido, o (a) Sr. (a) ANDREIA DE JESUS DE SOUZA RIBEIRO, do \r\ncargo que especifica.","dataAtualizacao":"2026-03-03 11:05:01","dataInicioVigencia":null,"dataFimVigencia":null,"data":"2026-02-23","numero":261,"categoria":"Portaria","situacao":"Em vigor","descricao":""},{"ementa":"Disp\u00f5e sobre a contrata\u00e7\u00e3o tempor\u00e1ria, do (a) Sr. (a) JOAO HENRIQUE ALVES \r\nCUSTODIO, em atendimento a solicita\u00e7\u00e3o da Secretaria de Educa\u00e7\u00e3o, atrav\u00e9s do \r\nProcesso Seletivo Simplificado n\u00ba003\/2025, para exercer a fun\u00e7\u00e3o que especifica.","dataAtualizacao":"2026-03-03 11:03:20","dataInicioVigencia":null,"dataFimVigencia":null,"data":"2026-02-20","numero":260,"categoria":"Portaria","situacao":"Em vigor","descricao":""},{"ementa":"Disp\u00f5e sobre a contrata\u00e7\u00e3o tempor\u00e1ria, do (a) Sr. (a) ALINE MARTINS PORTILHO \r\nROCHA, em atendimento a solicita\u00e7\u00e3o da Secretaria de Educa\u00e7\u00e3o, atrav\u00e9s do \r\nProcesso Seletivo Simplificado n\u00ba003\/2025, para exercer a fun\u00e7\u00e3o que especifica.","dataAtualizacao":"2026-03-03 11:01:46","dataInicioVigencia":null,"dataFimVigencia":null,"data":"2026-02-20","numero":259,"categoria":"Portaria","situacao":"Em vigor","descricao":""},{"ementa":"Disp\u00f5e sobre a contrata\u00e7\u00e3o tempor\u00e1ria, do (a) Sr. (a) SANDRA LAURA MATHIAS \r\nDUARTE DO NASCIMENTO, em atendimento a solicita\u00e7\u00e3o da Secretaria de \r\nEduca\u00e7\u00e3o, atrav\u00e9s do Processo Seletivo Simplificado n\u00ba003\/2025, para exercer a \r\nfun\u00e7\u00e3o que especifica.","dataAtualizacao":"2026-03-03 10:56:32","dataInicioVigencia":null,"dataFimVigencia":null,"data":"2026-02-20","numero":258,"categoria":"Portaria","situacao":"Em vigor","descricao":""},{"ementa":"EXONERAR, a pedido, o (a) Sr. (a) ALINE PEREIRA DA SILVA, do cargo que \r\nespecifica.","dataAtualizacao":"2026-03-03 10:55:27","dataInicioVigencia":null,"dataFimVigencia":null,"data":"2026-02-20","numero":257,"categoria":"Portaria","situacao":"Em vigor","descricao":""},{"ementa":"CONCEDER LICEN\u00c7A M\u00c9DICA ao (a) Sr (a). ELIZABETE MAZZARO.","dataAtualizacao":"2026-03-03 10:54:06","dataInicioVigencia":null,"dataFimVigencia":null,"data":"2026-02-20","numero":256,"categoria":"Portaria","situacao":"Em vigor","descricao":""},{"ementa":"CONCEDER LICEN\u00c7A M\u00c9DICA ao (a) Sr (a). ANNE CRISTINA RICARDO \r\nSOTTI AMARAL.","dataAtualizacao":"2026-03-03 10:52:27","dataInicioVigencia":null,"dataFimVigencia":null,"data":"2026-02-20","numero":255,"categoria":"Portaria","situacao":"Em vigor","descricao":""},{"ementa":"CONCEDER LICEN\u00c7A M\u00c9DICA ao (a) Sr (a). ELIZABETE GONCALVES \r\nCOMISSO.","dataAtualizacao":"2026-03-03 10:49:54","dataInicioVigencia":null,"dataFimVigencia":null,"data":"2026-02-20","numero":254,"categoria":"Portaria","situacao":"Em vigor","descricao":""},{"ementa":"CONCEDER LICEN\u00c7A M\u00c9DICA ACOMPANHANTE ao (a) Sr (a). FRANCIELE \r\nCRISTINA NAKANDAKARE.","dataAtualizacao":"2026-03-03 10:43:38","dataInicioVigencia":null,"dataFimVigencia":null,"data":"2026-02-20","numero":253,"categoria":"Portaria","situacao":"Em vigor","descricao":""},{"ementa":"CONCEDER LICEN\u00c7A M\u00c9DICA ao (a) Sr (a). BIANCA GAILOTI REZENDE.","dataAtualizacao":"2026-03-03 10:41:34","dataInicioVigencia":null,"dataFimVigencia":null,"data":"2026-02-20","numero":252,"categoria":"Portaria","situacao":"Em vigor","descricao":""},{"ementa":"Disp\u00f5e sobre o cancelamento de processo de restos a pagar n\u00e3o processados do exerc\u00edcio de 2025.","dataAtualizacao":"2026-04-08 08:52:27","dataInicioVigencia":null,"dataFimVigencia":null,"data":"2026-02-19","numero":8168,"categoria":"Decreto","situacao":"Em vigor","descricao":""},{"ementa":"Disp\u00f5e sobre a constitui\u00e7\u00e3o do Conselho Municipal de Turismo.","dataAtualizacao":"2026-02-20 16:34:27","dataInicioVigencia":null,"dataFimVigencia":null,"data":"2026-02-19","numero":8167,"categoria":"Decreto","situacao":"Em vigor","descricao":""},{"ementa":"EXONERAR, a pedido, o (a) Sr. (a) MICHELLE MOREIRA RIBEIRO MENDES, do \r\ncargo que especifica.","dataAtualizacao":"2026-02-20 15:44:35","dataInicioVigencia":null,"dataFimVigencia":null,"data":"2026-02-19","numero":251,"categoria":"Portaria","situacao":"Em vigor","descricao":""},{"ementa":"CONCEDER LICEN\u00c7A MATERNIDADE ao (a) Sr (a). RAYNE GABRIELA DA \r\nSILVA SOUZA SOZIM.","dataAtualizacao":"2026-02-20 15:43:48","dataInicioVigencia":null,"dataFimVigencia":null,"data":"2026-02-19","numero":250,"categoria":"Portaria","situacao":"Em vigor","descricao":""},{"ementa":"EXONERAR, a pedido, o (a) Sr. (a) GUILHERME ZANQUETTA SAMPAIO \r\nREBOUCAS, do cargo que especifica.","dataAtualizacao":"2026-02-20 15:42:34","dataInicioVigencia":null,"dataFimVigencia":null,"data":"2026-02-19","numero":249,"categoria":"Portaria","situacao":"Em vigor","descricao":""},{"ementa":"Concede Licen\u00e7a Pr\u00eamio ao (a) Sr (a). WILLIAM MINTIOTI.","dataAtualizacao":"2026-02-20 08:59:49","dataInicioVigencia":null,"dataFimVigencia":null,"data":"2026-02-19","numero":248,"categoria":"Portaria","situacao":"Em vigor","descricao":""},{"ementa":"Concede Licen\u00e7a Pr\u00eamio ao (a) Sr (a). JULIANA ZACARIAS MARCUCCI.","dataAtualizacao":"2026-02-20 08:58:48","dataInicioVigencia":null,"dataFimVigencia":null,"data":"2026-02-19","numero":247,"categoria":"Portaria","situacao":"Em vigor","descricao":""},{"ementa":"Concede Licen\u00e7a Pr\u00eamio ao (a) Sr (a). ANA BEATRIZ RODRIGUES \r\nVESPASIANO.","dataAtualizacao":"2026-02-20 08:57:45","dataInicioVigencia":null,"dataFimVigencia":null,"data":"2026-02-19","numero":246,"categoria":"Portaria","situacao":"Em vigor","descricao":""},{"ementa":"EXONERAR, a pedido, o (a) Sr. (a) SANDRA LAURA MATHIAS DUARTE DO \r\nNASCIMENTO, do cargo que especifica.","dataAtualizacao":"2026-02-20 15:41:09","dataInicioVigencia":null,"dataFimVigencia":null,"data":"2026-02-19","numero":245,"categoria":"Portaria","situacao":"Em vigor","descricao":""},{"ementa":"EXONERAR o (a) Sr (a) MANOEL HENRIQUE DE ALMEIDA, do cargo que \r\nespecifica.","dataAtualizacao":"2026-02-20 15:40:05","dataInicioVigencia":null,"dataFimVigencia":null,"data":"2026-02-19","numero":244,"categoria":"Portaria","situacao":"Em vigor","descricao":""},{"ementa":"NOMEAR, o (a) Sr (a) ROGERIO OLIVEIRA SANTANA para o cargo que \r\nespecifica.","dataAtualizacao":"2026-02-20 15:38:34","dataInicioVigencia":null,"dataFimVigencia":null,"data":"2026-02-12","numero":243,"categoria":"Portaria","situacao":"Em vigor","descricao":""},{"ementa":"PRORROGAR o contrato do (a) Sr (a) GRAZIELA FERNANDA RAMOS \r\nMOITINHO.","dataAtualizacao":"2026-03-03 10:38:18","dataInicioVigencia":null,"dataFimVigencia":null,"data":"2026-02-12","numero":243,"categoria":"Portaria","situacao":"Em vigor","descricao":""},{"ementa":"CONCEDER LICEN\u00c7A M\u00c9DICA ao (a) Sr (a). REGINA GAMA DA SILVA.","dataAtualizacao":"2026-02-20 15:36:18","dataInicioVigencia":null,"dataFimVigencia":null,"data":"2026-02-12","numero":242,"categoria":"Portaria","situacao":"Em vigor","descricao":""},{"ementa":"Disp\u00f5e sobre a concess\u00e3o da Gratifica\u00e7\u00e3o por Tempo Integral e Dedica\u00e7\u00e3o Exclusiva \u2013 GTIDE \r\nao(\u00e0) servidor(a) Sr.(a) RONALDO JOSE DA SILVA e d\u00e1 outras provid\u00eancias.","dataAtualizacao":"2026-02-20 15:35:07","dataInicioVigencia":null,"dataFimVigencia":null,"data":"2026-02-12","numero":241,"categoria":"Portaria","situacao":"Em vigor","descricao":""},{"ementa":"CONCEDER F\u00c9RIAS ao (a) Sr (a). ALESSANDRA MARA MARTINS REJANI \r\nFRANZOTTI.","dataAtualizacao":"2026-02-13 11:11:32","dataInicioVigencia":null,"dataFimVigencia":null,"data":"2026-02-12","numero":240,"categoria":"Portaria","situacao":"Em vigor","descricao":""},{"ementa":"EXONERAR, a pedido, o (a) Sr. (a) ANA CLAUDIA CHARALLI ROSAO, do cargo \r\nque especifica.","dataAtualizacao":"2026-02-13 11:10:44","dataInicioVigencia":null,"dataFimVigencia":null,"data":"2026-02-12","numero":239,"categoria":"Portaria","situacao":"Em vigor","descricao":""},{"ementa":"EXONERAR, a pedido, o (a) Sr. (a) LORRAINE SILVA CLAPIS, do cargo que \r\nespecifica.","dataAtualizacao":"2026-02-13 11:09:56","dataInicioVigencia":null,"dataFimVigencia":null,"data":"2026-02-12","numero":238,"categoria":"Portaria","situacao":"Em vigor","descricao":""},{"ementa":"CONCEDER LICEN\u00c7A M\u00c9DICA ao (a) Sr (a). WALDEMES GONCALVES \r\nSOARES.","dataAtualizacao":"2026-02-13 11:09:03","dataInicioVigencia":null,"dataFimVigencia":null,"data":"2026-02-12","numero":237,"categoria":"Portaria","situacao":"Em vigor","descricao":""},{"ementa":"Disp\u00f5e sobre desdobro de \u00e1rea p\u00fablica, conforme especifica.","dataAtualizacao":"2026-03-20 13:45:28","dataInicioVigencia":null,"dataFimVigencia":null,"data":"2026-02-11","numero":8165,"categoria":"Decreto","situacao":"Em vigor","descricao":""},{"ementa":"Descongela C\u00e2mara.","dataAtualizacao":"2026-03-03 14:56:07","dataInicioVigencia":null,"dataFimVigencia":null,"data":"2026-02-11","numero":5270,"categoria":"Lei Ordin\u00e1ria","situacao":"Em vigor","descricao":""},{"ementa":"Disp\u00f5e sobre denomina\u00e7\u00e3o de Ruas do Loteamento Residencial Nobre Ville.","dataAtualizacao":"2026-03-03 14:53:12","dataInicioVigencia":null,"dataFimVigencia":null,"data":"2026-02-11","numero":5269,"categoria":"Lei Ordin\u00e1ria","situacao":"Em vigor","descricao":""},{"ementa":"Denomina o pr\u00e9dio p\u00fablico municipal destinado ao funcionamento da Unidade do Poupatempo de Dracena e d\u00e1 outras provid\u00eancias.\r\n\u201cPr\u00e9dio P\u00fablico Municipal do Poupatempo de Dracena \u2013 Jos\u00e9 Antonio Pedretti\u201d","dataAtualizacao":"2026-03-03 14:50:30","dataInicioVigencia":null,"dataFimVigencia":null,"data":"2026-02-11","numero":5268,"categoria":"Lei Ordin\u00e1ria","situacao":"Em vigor","descricao":""},{"ementa":"EXONERAR, a pedido, o (a) Sr. (a) FLAVIA ARAUJO ANTONIO BARROS, do \r\ncargo que especifica.","dataAtualizacao":"2026-02-13 11:08:12","dataInicioVigencia":null,"dataFimVigencia":null,"data":"2026-02-11","numero":236,"categoria":"Portaria","situacao":"Em vigor","descricao":""},{"ementa":"EXONERAR, a pedido, o (a) Sr. (a) JHOYCE RODRIGUES SILVA ARAUJO, do \r\ncargo que especifica.","dataAtualizacao":"2026-02-20 15:33:53","dataInicioVigencia":null,"dataFimVigencia":null,"data":"2026-02-11","numero":235,"categoria":"Portaria","situacao":"Em vigor","descricao":""},{"ementa":"EXONERAR, a pedido, o (a) Sr. (a) ARACELI PEREIRA ZABINI, do cargo que \r\nespecifica.","dataAtualizacao":"2026-02-13 11:06:23","dataInicioVigencia":null,"dataFimVigencia":null,"data":"2026-02-11","numero":234,"categoria":"Portaria","situacao":"Em vigor","descricao":""},{"ementa":"Disp\u00f5e sobre a contrata\u00e7\u00e3o tempor\u00e1ria, do (a) Sr (a) ANDRESSA LUZIA PAULINO \r\nNASCIMENTO em atendimento a solicita\u00e7\u00e3o da Secretaria de Sa\u00fade e Higiene \r\nP\u00fablica, atrav\u00e9s do Edital n\u00ba 002\/2022, que especifica e d\u00e1 outras provid\u00eancias.","dataAtualizacao":"2026-02-13 11:05:29","dataInicioVigencia":null,"dataFimVigencia":null,"data":"2026-02-11","numero":233,"categoria":"Portaria","situacao":"Em vigor","descricao":""},{"ementa":"Disp\u00f5e sobre autoriza\u00e7\u00e3o ao Poder Executivo para abertura de cr\u00e9dito adicional especial no or\u00e7amento vigente.","dataAtualizacao":"2026-02-11 14:22:05","dataInicioVigencia":null,"dataFimVigencia":null,"data":"2026-02-10","numero":8164,"categoria":"Decreto","situacao":"Em vigor","descricao":""},{"ementa":"Altera Decreto n\u00ba 8.153\/2026.\r\nPonto Facultativo Carnaval","dataAtualizacao":"2026-02-11 14:16:26","dataInicioVigencia":null,"dataFimVigencia":null,"data":"2026-02-10","numero":8163,"categoria":"Decreto","situacao":"Em vigor","descricao":""},{"ementa":"Disp\u00f5e sobre autoriza\u00e7\u00e3o ao Poder Executivo para abertura de cr\u00e9dito adicional especial no or\u00e7amento vigente.","dataAtualizacao":"2026-02-11 14:29:56","dataInicioVigencia":null,"dataFimVigencia":null,"data":"2026-02-10","numero":5267,"categoria":"Lei Ordin\u00e1ria","situacao":"Em vigor","descricao":""},{"ementa":"Autoriza o Poder Executivo a repassar recursos financeiros, oriundos do Fundo Municipal dos Direitos do Idoso, \u00e0s Organiza\u00e7\u00f5es da Sociedade Civil (OSCs).","dataAtualizacao":"2026-02-11 14:27:59","dataInicioVigencia":null,"dataFimVigencia":null,"data":"2026-02-10","numero":5266,"categoria":"Lei Ordin\u00e1ria","situacao":"Em vigor","descricao":""},{"ementa":"Disp\u00f5e sobre a concess\u00e3o da Gratifica\u00e7\u00e3o por Tempo Integral e Dedica\u00e7\u00e3o Exclusiva \u2013 GTIDE \r\nao(\u00e0) servidor(a) Sr.(a) CLAUDIOMIRO SOARES DE OLIVEIRA e d\u00e1 outras provid\u00eancias.","dataAtualizacao":"2026-02-13 11:04:28","dataInicioVigencia":null,"dataFimVigencia":null,"data":"2026-02-10","numero":232,"categoria":"Portaria","situacao":"Em vigor","descricao":""},{"ementa":"EXONERAR, a pedido, o (a) Sr. (a) CAMILA BALDERRAMAS MARTINEZ \r\nAQUINO, do cargo que especifica.","dataAtualizacao":"2026-02-13 11:03:38","dataInicioVigencia":null,"dataFimVigencia":null,"data":"2026-02-10","numero":231,"categoria":"Portaria","situacao":"Em vigor","descricao":""},{"ementa":"CONCEDER F\u00c9RIAS ao (a) Sr (a). ISMAR DA SILVA.","dataAtualizacao":"2026-02-13 10:57:45","dataInicioVigencia":null,"dataFimVigencia":null,"data":"2026-02-10","numero":230,"categoria":"Portaria","situacao":"Em vigor","descricao":""},{"ementa":"CONCEDER LICEN\u00c7A M\u00c9DICA ACOMPANHANTE ao (a) Sr (a). TAIS \r\nOLIVEIRA MACHADO.","dataAtualizacao":"2026-02-13 10:56:31","dataInicioVigencia":null,"dataFimVigencia":null,"data":"2026-02-10","numero":229,"categoria":"Portaria","situacao":"Em vigor","descricao":""},{"ementa":"CONCEDER LICEN\u00c7A M\u00c9DICA ao (a) Sr (a). SANDRA LEE MAZARIN MARINI.","dataAtualizacao":"2026-02-13 10:54:17","dataInicioVigencia":null,"dataFimVigencia":null,"data":"2026-02-10","numero":228,"categoria":"Portaria","situacao":"Em vigor","descricao":""},{"ementa":"DESIGNAR o (a) Sr (a) LUCIENE BELEM DOS REIS MARTINS para exercer \r\nem substitui\u00e7\u00e3o o cargo que especifica.","dataAtualizacao":"2026-02-10 09:03:39","dataInicioVigencia":null,"dataFimVigencia":null,"data":"2026-02-09","numero":227,"categoria":"Portaria","situacao":"Em vigor","descricao":""},{"ementa":"EXONERAR, o (a) Sr (a) ARLETE CRISTINA MOTOVANI ZILIANI, do cargo que \r\nespecifica.","dataAtualizacao":"2026-02-13 10:53:16","dataInicioVigencia":null,"dataFimVigencia":null,"data":"2026-02-09","numero":226,"categoria":"Portaria","situacao":"Em vigor","descricao":""},{"ementa":"DESIGNAR o (a) Sr (a) ERMES MANOEL DOS SANTOS MONTEIRO para \r\nexercer em substitui\u00e7\u00e3o o cargo que especifica.","dataAtualizacao":"2026-02-10 09:01:52","dataInicioVigencia":null,"dataFimVigencia":null,"data":"2026-02-09","numero":225,"categoria":"Portaria","situacao":"Em vigor","descricao":""},{"ementa":"CONCEDER F\u00c9RIAS ao (a) Sr (a). TAINY MARTINS BROGIN.","dataAtualizacao":"2026-02-10 09:00:32","dataInicioVigencia":null,"dataFimVigencia":null,"data":"2026-02-09","numero":224,"categoria":"Portaria","situacao":"Em vigor","descricao":""},{"ementa":"Disp\u00f5e sobre a contrata\u00e7\u00e3o tempor\u00e1ria, do (a) Sr (a) LARA ANTONIASSI SILVA em \r\natendimento a solicita\u00e7\u00e3o da Secretaria de Sa\u00fade e Higiene P\u00fablica, atrav\u00e9s do \r\nEdital n\u00ba 004\/2025, que especifica e d\u00e1 outras provid\u00eancias.","dataAtualizacao":"2026-02-10 08:59:38","dataInicioVigencia":null,"dataFimVigencia":null,"data":"2026-02-09","numero":223,"categoria":"Portaria","situacao":"Em vigor","descricao":""},{"ementa":"Disp\u00f5e sobre a contrata\u00e7\u00e3o tempor\u00e1ria, do (a) Sr (a) ANDREA DE AZEVEDO em \r\natendimento a solicita\u00e7\u00e3o da Secretaria da Educa\u00e7\u00e3o, atrav\u00e9s do Edital n\u00ba \r\n003\/2022, que especifica e d\u00e1 outras provid\u00eancias.","dataAtualizacao":"2026-02-10 08:58:28","dataInicioVigencia":null,"dataFimVigencia":null,"data":"2026-02-09","numero":222,"categoria":"Portaria","situacao":"Em vigor","descricao":""},{"ementa":"Nomeia em est\u00e1gio probat\u00f3rio o (a) Sr (a) ARYEL ABILIO ROCHA DIAS WEDEKIN, \r\npara o cargo que especifica.","dataAtualizacao":"2026-02-10 15:20:02","dataInicioVigencia":null,"dataFimVigencia":null,"data":"2026-02-09","numero":221,"categoria":"Portaria","situacao":"Em vigor","descricao":""},{"ementa":"CONCEDER LICEN\u00c7A MATERNIDADE ao (a) Sr (a). LAISA THAINA DE ASSIS \r\nRIBEIRO.","dataAtualizacao":"2026-03-03 10:37:19","dataInicioVigencia":null,"dataFimVigencia":null,"data":"2026-02-09","numero":220,"categoria":"Portaria","situacao":"Em vigor","descricao":""},{"ementa":"CONCEDER LICEN\u00c7A M\u00c9DICA ao (a) Sr (a). VICTOR MATHEUS FIGUEIREDO \r\nSILVA.","dataAtualizacao":"2026-02-10 08:56:24","dataInicioVigencia":null,"dataFimVigencia":null,"data":"2026-02-06","numero":219,"categoria":"Portaria","situacao":"Em vigor","descricao":""},{"ementa":"DESIGNAR o (a) Sr (a) LUCIANA HOSHIMOTO para exercer em substitui\u00e7\u00e3o \r\no cargo que especifica.","dataAtualizacao":"2026-02-10 08:55:30","dataInicioVigencia":null,"dataFimVigencia":null,"data":"2026-02-06","numero":218,"categoria":"Portaria","situacao":"Em vigor","descricao":""},{"ementa":"EXONERAR, a pedido, o (a) Sr. (a) FERNANDA PAULINO BEZERRA \r\nCAVALHEIRO, do cargo que especifica.","dataAtualizacao":"2026-02-10 08:54:43","dataInicioVigencia":null,"dataFimVigencia":null,"data":"2026-02-06","numero":217,"categoria":"Portaria","situacao":"Em vigor","descricao":""},{"ementa":"Nomeia em est\u00e1gio probat\u00f3rio o (a) Sr (a) JOAO CARLOS RODRIGUES VIEIRA, para \r\no cargo que especifica.","dataAtualizacao":"2026-02-10 15:19:08","dataInicioVigencia":null,"dataFimVigencia":null,"data":"2026-02-06","numero":216,"categoria":"Portaria","situacao":"Em vigor","descricao":""},{"ementa":"Nomeia em est\u00e1gio probat\u00f3rio o (a) Sr (a) FERNANDA PAULINO BEZERRA \r\nCAVALHEIRO, para o cargo que especifica.","dataAtualizacao":"2026-02-10 15:18:15","dataInicioVigencia":null,"dataFimVigencia":null,"data":"2026-02-06","numero":215,"categoria":"Portaria","situacao":"Em vigor","descricao":""},{"ementa":"EXONERAR, a pedido, o (a) Sr. (a) JULIANA APARECIDA CORREIA PASSO \r\nRAMOS, do cargo que especifica.","dataAtualizacao":"2026-02-20 15:32:19","dataInicioVigencia":null,"dataFimVigencia":null,"data":"2026-02-05","numero":214,"categoria":"Portaria","situacao":"Em vigor","descricao":""},{"ementa":"CONCEDER LICEN\u00c7A MATERNIDADE ao (a) Sr (a). ANA CAROLINA DE \r\nCARVALHO.","dataAtualizacao":"2026-03-03 10:35:24","dataInicioVigencia":null,"dataFimVigencia":null,"data":"2026-02-05","numero":213,"categoria":"Portaria","situacao":"Em vigor","descricao":""},{"ementa":"Disp\u00f5e sobre a concess\u00e3o da Gratifica\u00e7\u00e3o por Tempo Integral e Dedica\u00e7\u00e3o Exclusiva \u2013 GTIDE \r\nao(\u00e0) servidor(a) Sr.(a) REGINALDO APARECIDO DA SILVA e d\u00e1 outras provid\u00eancias.","dataAtualizacao":"2026-02-13 09:47:49","dataInicioVigencia":null,"dataFimVigencia":null,"data":"2026-02-05","numero":212,"categoria":"Portaria","situacao":"Em vigor","descricao":""},{"ementa":"Nomeia em est\u00e1gio probat\u00f3rio o (a) Sr (a) JULIANA APARECIDA CORREIA PASSO \r\nRAMOS, para o cargo que especifica.","dataAtualizacao":"2026-02-10 15:17:18","dataInicioVigencia":null,"dataFimVigencia":null,"data":"2026-02-05","numero":211,"categoria":"Portaria","situacao":"Em vigor","descricao":""},{"ementa":"CONCEDER LICEN\u00c7A M\u00c9DICA ao (a) Sr (a). SABRINA APARECIDA DA SILVA \r\nLIMA.","dataAtualizacao":"2026-02-13 09:46:42","dataInicioVigencia":null,"dataFimVigencia":null,"data":"2026-02-04","numero":210,"categoria":"Portaria","situacao":"Em vigor","descricao":""},{"ementa":"CONCEDER LICEN\u00c7A M\u00c9DICA ao (a) Sr (a). JAMILE CAROLINA SVIZZERO.","dataAtualizacao":"2026-02-13 09:45:14","dataInicioVigencia":null,"dataFimVigencia":null,"data":"2026-02-04","numero":209,"categoria":"Portaria","situacao":"Em vigor","descricao":""},{"ementa":"CONCEDER LICEN\u00c7A M\u00c9DICA ao (a) Sr (a). ROSELI CAMARGO MENDES.","dataAtualizacao":"2026-02-13 09:44:13","dataInicioVigencia":null,"dataFimVigencia":null,"data":"2026-02-04","numero":208,"categoria":"Portaria","situacao":"Em vigor","descricao":""},{"ementa":"CONCEDER LICEN\u00c7A M\u00c9DICA ao (a) Sr (a). ADRIANA SILVA CASTRO \r\nPEREIRA.","dataAtualizacao":"2026-02-13 09:38:04","dataInicioVigencia":null,"dataFimVigencia":null,"data":"2026-02-04","numero":207,"categoria":"Portaria","situacao":"Em vigor","descricao":""},{"ementa":"EXONERAR, a pedido, o (a) Sr. (a) EVENISE CHIMINI ANGELONI PIROTA, do \r\ncargo que especifica.","dataAtualizacao":"2026-02-13 09:34:12","dataInicioVigencia":null,"dataFimVigencia":null,"data":"2026-02-04","numero":206,"categoria":"Portaria","situacao":"Em vigor","descricao":""},{"ementa":"EXONERAR, a pedido, o (a) Sr. (a) MARIANA CRISTINA RIBEIRO MATEUS \r\nZAMONELO, do cargo que especifica.","dataAtualizacao":"2026-02-13 09:32:46","dataInicioVigencia":null,"dataFimVigencia":null,"data":"2026-02-04","numero":205,"categoria":"Portaria","situacao":"Em vigor","descricao":""},{"ementa":"EXONERAR, a pedido, o (a) Sr. (a) ZELIA CRUZ DE JESUS SILVA, do cargo que \r\nespecifica.","dataAtualizacao":"2026-02-20 15:30:40","dataInicioVigencia":null,"dataFimVigencia":null,"data":"2026-02-04","numero":204,"categoria":"Portaria","situacao":"Em vigor","descricao":""},{"ementa":"EXONERAR, a pedido, o (a) Sr. (a) MARIA APARECIDA DE SOUZA SANTOS, do \r\ncargo que especifica.","dataAtualizacao":"2026-02-13 09:28:32","dataInicioVigencia":null,"dataFimVigencia":null,"data":"2026-02-04","numero":203,"categoria":"Portaria","situacao":"Em vigor","descricao":""},{"ementa":"EXONERAR, a pedido, o (a) Sr. (a) AMANDA DE SOUZA BOSCHETTI \r\nMARQUES, do cargo que especifica.","dataAtualizacao":"2026-02-13 09:26:57","dataInicioVigencia":null,"dataFimVigencia":null,"data":"2026-02-03","numero":202,"categoria":"Portaria","situacao":"Em vigor","descricao":""},{"ementa":"EXONERAR, a pedido, o (a) Sr. (a) LUANA MOTOVANI CAMPOS PIZANI, do \r\ncargo que especifica.","dataAtualizacao":"2026-02-13 09:25:21","dataInicioVigencia":null,"dataFimVigencia":null,"data":"2026-02-03","numero":201,"categoria":"Portaria","situacao":"Em vigor","descricao":""},{"ementa":"EXONERAR, a pedido, o (a) Sr. (a) SIMONE YONE COELHO DE OLIVEIRA, do \r\ncargo que especifica.","dataAtualizacao":"2026-02-13 09:23:50","dataInicioVigencia":null,"dataFimVigencia":null,"data":"2026-02-03","numero":200,"categoria":"Portaria","situacao":"Em vigor","descricao":""},{"ementa":"REVOGAR PORTARIA DRH\/N\u00ba 131\/2026 que designou o (a) Sr. (a) PAULO \r\nCELSO APARECIDO DO NASCIMENTO do cargo que especifica.","dataAtualizacao":"2026-02-13 09:20:55","dataInicioVigencia":null,"dataFimVigencia":null,"data":"2026-02-03","numero":199,"categoria":"Portaria","situacao":"Em vigor","descricao":""},{"ementa":"NOMEAR, o (a) Sr (a) PHELIPE HENRIQUE DE BRITO para o cargo que \r\nespecifica.","dataAtualizacao":"2026-02-13 09:18:55","dataInicioVigencia":null,"dataFimVigencia":null,"data":"2026-02-03","numero":198,"categoria":"Portaria","situacao":"Em vigor","descricao":""},{"ementa":"REVOGAR PORTARIA DRH\/N\u00ba 122\/2026 que designou o (a) Sr. (a) \r\nJAQUELINE GONCALVES MARTINEZ do cargo que especifica.","dataAtualizacao":"2026-02-13 09:16:42","dataInicioVigencia":null,"dataFimVigencia":null,"data":"2026-02-03","numero":197,"categoria":"Portaria","situacao":"Em vigor","descricao":""},{"ementa":"EXONERAR, a pedido, o (a) Sr. (a) DENILDE DOS REIS, do cargo que \r\nespecifica.","dataAtualizacao":"2026-02-03 14:31:46","dataInicioVigencia":null,"dataFimVigencia":null,"data":"2026-02-03","numero":196,"categoria":"Portaria","situacao":"Em vigor","descricao":""},{"ementa":"EXONERAR, a pedido, o (a) Sr. (a) ELIANE DE MATOS CANDIDO SILVA, do \r\ncargo que especifica.","dataAtualizacao":"2026-02-03 14:27:26","dataInicioVigencia":null,"dataFimVigencia":null,"data":"2026-02-03","numero":195,"categoria":"Portaria","situacao":"Em vigor","descricao":""},{"ementa":"NOMEAR, o (a) Sr (a) MARIELE FAUSTINA DE SOUZA para o cargo que \r\nespecifica.","dataAtualizacao":"2026-02-03 14:26:05","dataInicioVigencia":null,"dataFimVigencia":null,"data":"2026-02-03","numero":194,"categoria":"Portaria","situacao":"Em vigor","descricao":""},{"ementa":"NOMEAR, o (a) Sr (a) ADRIANA CRISTINA FORTUNATO LEITE REAMI para o \r\ncargo que especifica.","dataAtualizacao":"2026-02-03 14:24:06","dataInicioVigencia":null,"dataFimVigencia":null,"data":"2026-02-03","numero":193,"categoria":"Portaria","situacao":"Em vigor","descricao":""},{"ementa":"CONCEDER LICEN\u00c7A M\u00c9DICA ao (a) Sr (a). SONIA LOPES DE OLIVEIRA \r\nSOUZA.","dataAtualizacao":"2026-02-03 14:22:35","dataInicioVigencia":null,"dataFimVigencia":null,"data":"2026-02-02","numero":192,"categoria":"Portaria","situacao":"Em vigor","descricao":""},{"ementa":"CONCEDER LICEN\u00c7A M\u00c9DICA ao (a) Sr (a). ELIETE PERIANEZ DA SILVA.","dataAtualizacao":"2026-02-03 14:21:12","dataInicioVigencia":null,"dataFimVigencia":null,"data":"2026-02-02","numero":191,"categoria":"Portaria","situacao":"Em vigor","descricao":""},{"ementa":"DESIGNAR INTERINAMENTE o (a) Sr (a) REGIANE DE JESUS OLIVEIRA para \r\nexercer em substitui\u00e7\u00e3o o cargo que especifica.","dataAtualizacao":"2026-02-03 14:18:47","dataInicioVigencia":null,"dataFimVigencia":null,"data":"2026-02-02","numero":190,"categoria":"Portaria","situacao":"Em vigor","descricao":""},{"ementa":"NOMEAR, o (a) Sr (a) ROSANGELA QUEIROZ GIANCURSI para o cargo que \r\nespecifica.","dataAtualizacao":"2026-02-03 14:17:07","dataInicioVigencia":null,"dataFimVigencia":null,"data":"2026-02-02","numero":189,"categoria":"Portaria","situacao":"Em vigor","descricao":""},{"ementa":"Disp\u00f5e sobre a contrata\u00e7\u00e3o tempor\u00e1ria, do (a) Sr (a) LAIS DOS SANTOS SOARES \r\nem atendimento a solicita\u00e7\u00e3o da Secretaria de Sa\u00fade e Higiene P\u00fablica, atrav\u00e9s \r\ndo Edital n\u00ba 004\/2025, que especifica e d\u00e1 outras provid\u00eancias.","dataAtualizacao":"2026-02-03 14:15:35","dataInicioVigencia":null,"dataFimVigencia":null,"data":"2026-02-02","numero":188,"categoria":"Portaria","situacao":"Em vigor","descricao":""},{"ementa":"Disp\u00f5e sobre a contrata\u00e7\u00e3o tempor\u00e1ria, do (a) Sr (a) LUCIANA ROSSI DE \r\nOLIVEIRA em atendimento a solicita\u00e7\u00e3o da Secretaria de Sa\u00fade e Higiene \r\nP\u00fablica, atrav\u00e9s do Edital n\u00ba 004\/2025, que especifica e d\u00e1 outras provid\u00eancias.","dataAtualizacao":"2026-02-03 14:13:27","dataInicioVigencia":null,"dataFimVigencia":null,"data":"2026-02-02","numero":187,"categoria":"Portaria","situacao":"Em vigor","descricao":""},{"ementa":"DESIGNAR o (a) Sr (a) RANGEL EREX EVANGELISTA para exercer em \r\nsubstitui\u00e7\u00e3o o cargo que especifica.","dataAtualizacao":"2026-02-03 14:12:11","dataInicioVigencia":null,"dataFimVigencia":null,"data":"2026-02-02","numero":186,"categoria":"Portaria","situacao":"Em vigor","descricao":""},{"ementa":"CONCEDER F\u00c9RIAS ao (a) Sr (a). JOAO VITOR GALVAO DA SILVA.","dataAtualizacao":"2026-02-03 14:10:53","dataInicioVigencia":null,"dataFimVigencia":null,"data":"2026-02-02","numero":185,"categoria":"Portaria","situacao":"Em vigor","descricao":""},{"ementa":"CONCEDER F\u00c9RIAS ao (a) Sr (a). GRAZIELY DA SILVA GAMA NOVAES.","dataAtualizacao":"2026-02-03 10:18:09","dataInicioVigencia":null,"dataFimVigencia":null,"data":"2026-02-02","numero":184,"categoria":"Portaria","situacao":"Em vigor","descricao":""},{"ementa":"NOMEAR, o (a) Sr (a) JANAINA KATIELLI RAMOS MARTINS para o cargo que \r\nespecifica.","dataAtualizacao":"2026-02-03 10:16:52","dataInicioVigencia":null,"dataFimVigencia":null,"data":"2026-02-02","numero":183,"categoria":"Portaria","situacao":"Em vigor","descricao":""},{"ementa":"CONCEDER F\u00c9RIAS ao (a) Sr (a). MARISA MARQUES ALVES DE LIMA.","dataAtualizacao":"2026-02-03 10:15:34","dataInicioVigencia":null,"dataFimVigencia":null,"data":"2026-01-30","numero":182,"categoria":"Portaria","situacao":"Em vigor","descricao":""},{"ementa":"CONCEDER F\u00c9RIAS ao (a) Sr (a). ANA CLAUDIA CORSATTO MONTREZOL.","dataAtualizacao":"2026-02-03 10:14:03","dataInicioVigencia":null,"dataFimVigencia":null,"data":"2026-01-30","numero":181,"categoria":"Portaria","situacao":"Em vigor","descricao":""},{"ementa":"EXONERAR, a pedido, o (a) Sr. (a) MEIRE MARIA CENEDESI, do cargo que \r\nespecifica.","dataAtualizacao":"2026-02-03 10:12:33","dataInicioVigencia":null,"dataFimVigencia":null,"data":"2026-01-30","numero":180,"categoria":"Portaria","situacao":"Em vigor","descricao":""},{"ementa":"Nomeia em est\u00e1gio probat\u00f3rio o (a) Sr (a) ZELIA CRUZ DE JESUS SILVA, para o \r\ncargo que especifica.","dataAtualizacao":"2026-02-02 16:08:38","dataInicioVigencia":null,"dataFimVigencia":null,"data":"2026-01-30","numero":179,"categoria":"Portaria","situacao":"Em vigor","descricao":""},{"ementa":"Nomeia em est\u00e1gio probat\u00f3rio o (a) Sr (a) MEIRE MARIA CENEDESI, para o cargo \r\nque especifica.","dataAtualizacao":"2026-02-02 16:07:21","dataInicioVigencia":null,"dataFimVigencia":null,"data":"2026-01-30","numero":178,"categoria":"Portaria","situacao":"Em vigor","descricao":""},{"ementa":"EXONERAR, a pedido, o (a) Sr. (a) JAINE APARECIDA RODRIGUES DA SILVA \r\nISIDIO, do cargo que especifica.","dataAtualizacao":"2026-02-03 10:11:01","dataInicioVigencia":null,"dataFimVigencia":null,"data":"2026-01-30","numero":177,"categoria":"Portaria","situacao":"Em vigor","descricao":""},{"ementa":"NOMEAR, o (a) Sr (a) CLAUDETE MOREIRA para o cargo que especifica.","dataAtualizacao":"2026-01-30 14:34:49","dataInicioVigencia":null,"dataFimVigencia":null,"data":"2026-01-30","numero":176,"categoria":"Portaria","situacao":"Em vigor","descricao":""},{"ementa":"NOMEAR, o (a) Sr (a) HELAINE PATRICIA CARDOSO SILVA ZAMAIO para o \r\ncargo que especifica.","dataAtualizacao":"2026-01-30 14:33:19","dataInicioVigencia":null,"dataFimVigencia":null,"data":"2026-01-30","numero":175,"categoria":"Portaria","situacao":"Em vigor","descricao":""},{"ementa":"NOMEAR, o (a) Sr (a) ALINE DA ROCHA BENATI para o cargo que especifica.","dataAtualizacao":"2026-01-30 14:30:13","dataInicioVigencia":null,"dataFimVigencia":null,"data":"2026-01-30","numero":174,"categoria":"Portaria","situacao":"Em vigor","descricao":""},{"ementa":"EXONERAR, o (a) Sr (a) HELAINE PATRICIA CARDOSO SILVA ZAMAIO, do \r\ncargo que especifica.","dataAtualizacao":"2026-01-30 14:28:18","dataInicioVigencia":null,"dataFimVigencia":null,"data":"2026-01-30","numero":173,"categoria":"Portaria","situacao":"Em vigor","descricao":""},{"ementa":"EXONERAR, o (a) Sr (a) CLAUDETE MOREIRA, do cargo que especifica.","dataAtualizacao":"2026-01-30 14:24:57","dataInicioVigencia":null,"dataFimVigencia":null,"data":"2026-01-30","numero":172,"categoria":"Portaria","situacao":"Em vigor","descricao":""},{"ementa":"EXONERAR, o (a) Sr (a) ALINE DA ROCHA BENATI, do cargo que especifica.","dataAtualizacao":"2026-01-30 14:21:22","dataInicioVigencia":null,"dataFimVigencia":null,"data":"2026-01-30","numero":171,"categoria":"Portaria","situacao":"Em vigor","descricao":""},{"ementa":"EXONERAR, o (a) Sr (a) ROSELI APARECIDA DA SILVA CECILIO, do cargo que \r\nespecifica.","dataAtualizacao":"2026-01-30 14:18:28","dataInicioVigencia":null,"dataFimVigencia":null,"data":"2026-01-30","numero":170,"categoria":"Portaria","situacao":"Em vigor","descricao":""},{"ementa":"Aumento \u00e1gua e coleta de esgoto.","dataAtualizacao":"2026-02-11 14:25:29","dataInicioVigencia":null,"dataFimVigencia":null,"data":"2026-01-29","numero":8162,"categoria":"Decreto","situacao":"Em vigor","descricao":""},{"ementa":"Nomeia membros para constitu\u00edrem o Conselho Municipal de Assist\u00eancia Social, conforme especifica.","dataAtualizacao":"2026-04-08 10:25:44","dataInicioVigencia":null,"dataFimVigencia":null,"data":"2026-01-29","numero":8161,"categoria":"Decreto","situacao":"Em vigor","descricao":""},{"ementa":"Carta de Servi\u00e7os","dataAtualizacao":"2026-04-08 09:31:07","dataInicioVigencia":null,"dataFimVigencia":null,"data":"2026-01-28","numero":8160,"categoria":"Decreto","situacao":"Em vigor","descricao":""},{"ementa":"Disp\u00f5e sobre a prorroga\u00e7\u00e3o de prazo referente ao pagamento do Imposto Predial e Territorial Urbano e Imposto Territorial Urbano, conforme especifica.","dataAtualizacao":"2026-01-30 15:20:16","dataInicioVigencia":null,"dataFimVigencia":null,"data":"2026-01-28","numero":8159,"categoria":"Decreto","situacao":"Em vigor","descricao":""},{"ementa":"Disp\u00f5e sobre a reposi\u00e7\u00e3o salarial e aumento real aos servidores da C\u00e2mara Municipal de Dracena e d\u00e1 outras provid\u00eancias","dataAtualizacao":"2026-02-05 09:40:39","dataInicioVigencia":null,"dataFimVigencia":null,"data":"2026-01-28","numero":5265,"categoria":"Lei Ordin\u00e1ria","situacao":"Em vigor","descricao":""},{"ementa":"Disp\u00f5e sobre desdobro e altera\u00e7\u00e3o da finalidade de bens p\u00fablicos e d\u00e1 outras provid\u00eancias.\r\nConstru\u00e7\u00e3o de escola nas adjac\u00eancias do Jardim Brasil\u00e2ndia","dataAtualizacao":"2026-02-05 09:38:59","dataInicioVigencia":null,"dataFimVigencia":null,"data":"2026-01-28","numero":5264,"categoria":"Lei Ordin\u00e1ria","situacao":"Em vigor","descricao":""},{"ementa":"Aumento Bolsa Est\u00e1gio","dataAtualizacao":"2026-02-05 09:36:12","dataInicioVigencia":null,"dataFimVigencia":null,"data":"2026-01-28","numero":5263,"categoria":"Lei Ordin\u00e1ria","situacao":"Em vigor","descricao":""},{"ementa":"Disp\u00f5e sobre a concess\u00e3o de aumento de sal\u00e1rio, a t\u00edtulo de revis\u00e3o geral anual e aumento real, aos vencimentos dos servidores p\u00fablicos municipais, conforme especifica.","dataAtualizacao":"2026-02-05 09:34:00","dataInicioVigencia":null,"dataFimVigencia":null,"data":"2026-01-28","numero":5262,"categoria":"Lei Ordin\u00e1ria","situacao":"Em vigor","descricao":""},{"ementa":"Concede Licen\u00e7a Pr\u00eamio ao (a) Sr (a). ROSANGELA BORDINI MONCALE.","dataAtualizacao":"2026-01-30 14:46:02","dataInicioVigencia":null,"dataFimVigencia":null,"data":"2026-01-28","numero":169,"categoria":"Portaria","situacao":"Em vigor","descricao":""},{"ementa":"EXONERAR, a pedido, o (a) Sr. (a) MARISA GUILHERME DA SILVA, do cargo \r\nque especifica.","dataAtualizacao":"2026-02-03 09:42:57","dataInicioVigencia":null,"dataFimVigencia":null,"data":"2026-01-28","numero":168,"categoria":"Portaria","situacao":"Em vigor","descricao":""},{"ementa":"EXONERAR, a pedido, o (a) Sr. (a) ALESSANDRA DOS SANTOS TAVARES, do \r\ncargo que especifica.","dataAtualizacao":"2026-02-03 09:42:07","dataInicioVigencia":null,"dataFimVigencia":null,"data":"2026-01-28","numero":167,"categoria":"Portaria","situacao":"Em vigor","descricao":""},{"ementa":"EXONERAR, a pedido, o (a) Sr. (a) THALITA MIGUEL BONATE GOMES, do \r\ncargo que especifica.","dataAtualizacao":"2026-02-03 09:40:56","dataInicioVigencia":null,"dataFimVigencia":null,"data":"2026-01-28","numero":166,"categoria":"Portaria","situacao":"Em vigor","descricao":""},{"ementa":"EXONERAR, a pedido, o (a) Sr. (a) FLAVIA SANTOS SOARIS, do cargo que \r\nespecifica.","dataAtualizacao":"2026-02-03 09:40:11","dataInicioVigencia":null,"dataFimVigencia":null,"data":"2026-01-28","numero":165,"categoria":"Portaria","situacao":"Em vigor","descricao":""},{"ementa":"CONCEDER LICEN\u00c7A M\u00c9DICA ao (a) Sr (a). MARIA RAQUEL DOS SANTOS \r\nBARRETO.","dataAtualizacao":"2026-02-03 09:39:25","dataInicioVigencia":null,"dataFimVigencia":null,"data":"2026-01-28","numero":164,"categoria":"Portaria","situacao":"Em vigor","descricao":""},{"ementa":"EXONERAR, a pedido, o (a) Sr. (a) DAIANI CRISTINA MARCOMINI, do cargo \r\nque especifica.","dataAtualizacao":"2026-02-03 09:38:23","dataInicioVigencia":null,"dataFimVigencia":null,"data":"2026-01-28","numero":163,"categoria":"Portaria","situacao":"Em vigor","descricao":""},{"ementa":"EXONERAR o (a) Sr (a) SONIA MARIA BERGAMINI, do cargo que especifica.","dataAtualizacao":"2026-02-03 09:37:17","dataInicioVigencia":null,"dataFimVigencia":null,"data":"2026-01-27","numero":162,"categoria":"Portaria","situacao":"Em vigor","descricao":""},{"ementa":"Nomeia em est\u00e1gio probat\u00f3rio o (a) Sr (a) CLODOALDO GAZOLA DOCE, para o \r\ncargo que especifica.","dataAtualizacao":"2026-01-30 14:44:28","dataInicioVigencia":null,"dataFimVigencia":null,"data":"2026-01-27","numero":161,"categoria":"Portaria","situacao":"Em vigor","descricao":""},{"ementa":"CONCEDER LICEN\u00c7A M\u00c9DICA ao (a) Sr (a). DEBORAH LUIZA SILVA \r\nDUARTE.","dataAtualizacao":"2026-02-03 09:36:01","dataInicioVigencia":null,"dataFimVigencia":null,"data":"2026-01-27","numero":160,"categoria":"Portaria","situacao":"Em vigor","descricao":""},{"ementa":"EXONERAR, a pedido, o (a) Sr. (a) RENATA RIBEIRO DE QUEIROZ BONFIM, do \r\ncargo que especifica.","dataAtualizacao":"2026-02-03 09:35:13","dataInicioVigencia":null,"dataFimVigencia":null,"data":"2026-01-27","numero":159,"categoria":"Portaria","situacao":"Em vigor","descricao":""},{"ementa":"DESIGNAR o (a) Sr (a) AMANDA DE SOUZA LHETI para exercer em \r\nsubstitui\u00e7\u00e3o o cargo que especifica.","dataAtualizacao":"2026-02-03 09:34:28","dataInicioVigencia":null,"dataFimVigencia":null,"data":"2026-01-27","numero":158,"categoria":"Portaria","situacao":"Em vigor","descricao":""},{"ementa":"DESIGNAR o (a) Sr (a) LEANDRO CARVALHO PISTORI para exercer em \r\nsubstitui\u00e7\u00e3o o cargo que especifica.","dataAtualizacao":"2026-02-03 09:33:26","dataInicioVigencia":null,"dataFimVigencia":null,"data":"2026-01-27","numero":157,"categoria":"Portaria","situacao":"Em vigor","descricao":""},{"ementa":"EXONERAR, a pedido, o (a) Sr. (a) ADRIELI JANAINA MILLA CARDOSO, do \r\ncargo que especifica.","dataAtualizacao":"2026-02-03 09:31:35","dataInicioVigencia":null,"dataFimVigencia":null,"data":"2026-01-27","numero":156,"categoria":"Portaria","situacao":"Em vigor","descricao":""},{"ementa":"EXONERAR, a pedido, o (a) Sr. (a) JULIANA APARECIDA SANTIM DE OLIVEIRA \r\nCORREA, do cargo que especifica.","dataAtualizacao":"2026-02-03 09:30:39","dataInicioVigencia":null,"dataFimVigencia":null,"data":"2026-01-27","numero":155,"categoria":"Portaria","situacao":"Em vigor","descricao":""},{"ementa":"EXONERAR, a pedido, o (a) Sr. (a) LUCILENE APARECIDA MAZARIM, do cargo \r\nque especifica.","dataAtualizacao":"2026-02-03 09:29:38","dataInicioVigencia":null,"dataFimVigencia":null,"data":"2026-01-27","numero":154,"categoria":"Portaria","situacao":"Em vigor","descricao":""},{"ementa":"EXONERAR, a pedido, o (a) Sr. (a) APARECIDA ALEXANDRE DO CARMO, do \r\ncargo que especifica.","dataAtualizacao":"2026-02-03 09:26:37","dataInicioVigencia":null,"dataFimVigencia":null,"data":"2026-01-27","numero":153,"categoria":"Portaria","situacao":"Em vigor","descricao":""},{"ementa":"EXONERAR, a pedido, o (a) Sr. (a) ALINE XAVIER LEITE, do cargo que \r\nespecifica.","dataAtualizacao":"2026-02-03 09:25:48","dataInicioVigencia":null,"dataFimVigencia":null,"data":"2026-01-27","numero":152,"categoria":"Portaria","situacao":"Em vigor","descricao":""},{"ementa":"Descongela","dataAtualizacao":"2026-01-28 08:08:21","dataInicioVigencia":null,"dataFimVigencia":null,"data":"2026-01-26","numero":8158,"categoria":"Decreto","situacao":"Em vigor","descricao":""},{"ementa":"EXONERAR, a pedido, o (a) Sr. (a) ANA CAROLINA FERREIRA CAOBIANCO, do\r\ncargo que especifica.","dataAtualizacao":"2026-01-28 08:18:55","dataInicioVigencia":null,"dataFimVigencia":null,"data":"2026-01-26","numero":151,"categoria":"Portaria","situacao":"Em vigor","descricao":""},{"ementa":"Nomeia em est\u00e1gio probat\u00f3rio o (a) Sr (a) SILVIO DIAS DA SILVA, para o cargo que\r\nespecifica.","dataAtualizacao":"2026-01-28 08:18:09","dataInicioVigencia":null,"dataFimVigencia":null,"data":"2026-01-26","numero":150,"categoria":"Portaria","situacao":"Em vigor","descricao":""},{"ementa":"Nomeia em est\u00e1gio probat\u00f3rio o (a) Sr (a) REGINA FERREIRA DA SILVA FIUZA,\r\npara o cargo que especifica.","dataAtualizacao":"2026-01-28 08:17:34","dataInicioVigencia":null,"dataFimVigencia":null,"data":"2026-01-26","numero":149,"categoria":"Portaria","situacao":"Em vigor","descricao":""},{"ementa":"CONCEDER LICEN\u00c7A M\u00c9DICA ao (a) Sr (a). PRISCILA FERNANDA ADAMI.","dataAtualizacao":"2026-01-28 08:16:04","dataInicioVigencia":null,"dataFimVigencia":null,"data":"2026-01-26","numero":148,"categoria":"Portaria","situacao":"Em vigor","descricao":""},{"ementa":"CONCEDER LICEN\u00c7A M\u00c9DICA ao (a) Sr (a). AMANDA PINHEIRO DOS \r\nSANTOS GADIOLI.","dataAtualizacao":"2026-02-03 10:09:27","dataInicioVigencia":null,"dataFimVigencia":null,"data":"2026-01-26","numero":147,"categoria":"Portaria","situacao":"Em vigor","descricao":""},{"ementa":"Disp\u00f5e sobre a concess\u00e3o da Gratifica\u00e7\u00e3o por Tempo Integral e Dedica\u00e7\u00e3o Exclusiva \u2013 GTIDE \r\nao(\u00e0) servidor(a) Sr.(a) MARCELO ORPHEU CABRAL e d\u00e1 outras provid\u00eancias.","dataAtualizacao":"2026-02-03 13:39:01","dataInicioVigencia":null,"dataFimVigencia":null,"data":"2026-01-26","numero":146,"categoria":"Portaria","situacao":"Em vigor","descricao":""},{"ementa":"Piso professores 2026.","dataAtualizacao":"2026-01-28 07:58:55","dataInicioVigencia":null,"dataFimVigencia":null,"data":"2026-01-23","numero":8157,"categoria":"Decreto","situacao":"Em vigor","descricao":""},{"ementa":"CONCEDER LICEN\u00c7A M\u00c9DICA ao (a) Sr (a). SILVANA GAMA DA SILVA\r\nPIVETA.","dataAtualizacao":"2026-01-28 08:12:25","dataInicioVigencia":null,"dataFimVigencia":null,"data":"2026-01-23","numero":145,"categoria":"Portaria","situacao":"Em vigor","descricao":""},{"ementa":"Nomeia em est\u00e1gio probat\u00f3rio o (a) Sr (a) CARLOS HENRIQUE DA SILVA, para o\r\ncargo que especifica.","dataAtualizacao":"2026-01-28 08:11:45","dataInicioVigencia":null,"dataFimVigencia":null,"data":"2026-01-23","numero":144,"categoria":"Portaria","situacao":"Em vigor","descricao":""},{"ementa":"EXONERAR, a pedido, o (a) Sr. (a) GABRIELE PEREIRA DE SOUZA SILVA\r\nALMEIDA, do cargo que especifica.","dataAtualizacao":"2026-01-28 08:10:21","dataInicioVigencia":null,"dataFimVigencia":null,"data":"2026-01-23","numero":143,"categoria":"Portaria","situacao":"Em vigor","descricao":""},{"ementa":"EXONERAR, a pedido, o (a) Sr. (a) MARIA EDUARDA GREGORIO, do cargo que\r\nespecifica.","dataAtualizacao":"2026-01-28 08:09:50","dataInicioVigencia":null,"dataFimVigencia":null,"data":"2026-01-23","numero":142,"categoria":"Portaria","situacao":"Em vigor","descricao":""},{"ementa":"Disp\u00f5e sobre altera\u00e7\u00e3o no Conselho Municipal de Meio Ambiente, conforme especifica.","dataAtualizacao":"2026-01-22 15:26:38","dataInicioVigencia":null,"dataFimVigencia":null,"data":"2026-01-22","numero":8156,"categoria":"Decreto","situacao":"Em vigor","descricao":""},{"ementa":"Nomeia em est\u00e1gio probat\u00f3rio o (a) Sr (a) GEISILAYNE FURIOSO DE SOUZA\r\nBORGES, para o cargo que especifica.","dataAtualizacao":"2026-01-28 08:09:14","dataInicioVigencia":null,"dataFimVigencia":null,"data":"2026-01-22","numero":141,"categoria":"Portaria","situacao":"Em vigor","descricao":""},{"ementa":"EXONERAR, a pedido, o (a) Sr. (a) RENATA MAIA CAVALHEIRO DE ASSIS, do\r\ncargo que especifica.","dataAtualizacao":"2026-01-28 08:08:40","dataInicioVigencia":null,"dataFimVigencia":null,"data":"2026-01-22","numero":140,"categoria":"Portaria","situacao":"Em vigor","descricao":""},{"ementa":"EXONERAR, a pedido, o (a) Sr. (a) GISELE DE ALMEIDA ENOMOTO MORENO,\r\ndo cargo que especifica.","dataAtualizacao":"2026-01-28 08:08:04","dataInicioVigencia":null,"dataFimVigencia":null,"data":"2026-01-22","numero":139,"categoria":"Portaria","situacao":"Em vigor","descricao":""},{"ementa":"EXONERAR, a pedido, o (a) Sr. (a) MARIA TEYCIANNE MONTE DA SILVA, do\r\ncargo que especifica.","dataAtualizacao":"2026-01-28 08:07:28","dataInicioVigencia":null,"dataFimVigencia":null,"data":"2026-01-22","numero":138,"categoria":"Portaria","situacao":"Em vigor","descricao":""},{"ementa":"Reajusta o valor do cart\u00e3o alimenta\u00e7\u00e3o institu\u00eddo pela Lei n\u00ba 4.264, de 18 de mar\u00e7o de 2014.\r\nR$45,87","dataAtualizacao":"2026-01-22 15:25:05","dataInicioVigencia":null,"dataFimVigencia":null,"data":"2026-01-21","numero":8155,"categoria":"Decreto","situacao":"Em vigor","descricao":""},{"ementa":"CONCEDER LICEN\u00c7A M\u00c9DICA ao (a) Sr (a). JAMILE CAROLINA SVIZZERO.","dataAtualizacao":"2026-01-28 08:06:53","dataInicioVigencia":null,"dataFimVigencia":null,"data":"2026-01-21","numero":137,"categoria":"Portaria","situacao":"Em vigor","descricao":""},{"ementa":"CONCEDER LICEN\u00c7A M\u00c9DICA ao (a) Sr (a). DANIELA RIZZI MARANHO.","dataAtualizacao":"2026-01-28 08:06:16","dataInicioVigencia":null,"dataFimVigencia":null,"data":"2026-01-21","numero":136,"categoria":"Portaria","situacao":"Em vigor","descricao":""},{"ementa":"Nomeia em est\u00e1gio probat\u00f3rio o (a) Sr (a) STEFANIA FRANCESCA GUSSONI\r\nCHIARI, para o cargo que especifica.","dataAtualizacao":"2026-01-28 08:05:25","dataInicioVigencia":null,"dataFimVigencia":null,"data":"2026-01-21","numero":135,"categoria":"Portaria","situacao":"Em vigor","descricao":""},{"ementa":"CONCEDER LICEN\u00c7A M\u00c9DICA ao (a) Sr (a). SILVIA KARINE GONZAGA DA\r\nSILVA.","dataAtualizacao":"2026-01-28 08:04:52","dataInicioVigencia":null,"dataFimVigencia":null,"data":"2026-01-20","numero":134,"categoria":"Portaria","situacao":"Em vigor","descricao":""},{"ementa":"EXONERAR, a pedido, o (a) Sr. (a) RODRIGO JUNIOR SILVA DE SOUZA, do\r\ncargo que especifica.","dataAtualizacao":"2026-01-28 08:04:11","dataInicioVigencia":null,"dataFimVigencia":null,"data":"2026-01-20","numero":133,"categoria":"Portaria","situacao":"Em vigor","descricao":""},{"ementa":"CONCEDER LICEN\u00c7A M\u00c9DICA ao (a) Sr (a). MIRIAN CRISTINA BERNARDINI\r\nCARNEIRO.","dataAtualizacao":"2026-01-28 08:03:37","dataInicioVigencia":null,"dataFimVigencia":null,"data":"2026-01-20","numero":132,"categoria":"Portaria","situacao":"Em vigor","descricao":""},{"ementa":"DESIGNAR o (a) Sr (a) PAULO CELSO APARECIDO DO NASCIMENTO para\r\nexercer em substitui\u00e7\u00e3o o cargo que especifica.","dataAtualizacao":"2026-02-03 11:24:23","dataInicioVigencia":null,"dataFimVigencia":null,"data":"2026-01-20","numero":131,"categoria":"Portaria","situacao":"Em vigor","descricao":""},{"ementa":"CONCEDER F\u00c9RIAS ao (a) Sr (a). ROSELI APARECIDA DA SILVA CECILIO.","dataAtualizacao":"2026-01-23 14:26:56","dataInicioVigencia":null,"dataFimVigencia":null,"data":"2026-01-20","numero":130,"categoria":"Portaria","situacao":"Em vigor","descricao":""},{"ementa":"Nomeia em est\u00e1gio probat\u00f3rio o (a) Sr (a) ALINE XAVIER LEITE, para o cargo que \r\nespecifica.","dataAtualizacao":"2026-01-22 10:41:20","dataInicioVigencia":null,"dataFimVigencia":null,"data":"2026-01-20","numero":129,"categoria":"Portaria","situacao":"Em vigor","descricao":""},{"ementa":"Nomeia em est\u00e1gio probat\u00f3rio o (a) Sr (a) AMANDA DE SOUZA BOSCHETTI \r\nMARQUES, para o cargo que especifica.","dataAtualizacao":"2026-01-22 10:40:28","dataInicioVigencia":null,"dataFimVigencia":null,"data":"2026-01-20","numero":128,"categoria":"Portaria","situacao":"Em vigor","descricao":""},{"ementa":"Nomeia em est\u00e1gio probat\u00f3rio o (a) Sr (a) IVONE APARECIDA NUNES, para o \r\ncargo que especifica.","dataAtualizacao":"2026-01-22 10:39:32","dataInicioVigencia":null,"dataFimVigencia":null,"data":"2026-01-20","numero":127,"categoria":"Portaria","situacao":"Em vigor","descricao":""},{"ementa":"Nomeia em est\u00e1gio probat\u00f3rio o (a) Sr (a) SIMONE YONE COELHO DE OLIVEIRA, \r\npara o cargo que especifica.","dataAtualizacao":"2026-01-22 10:38:38","dataInicioVigencia":null,"dataFimVigencia":null,"data":"2026-01-20","numero":126,"categoria":"Portaria","situacao":"Em vigor","descricao":""},{"ementa":"EXONERAR, a pedido, o (a) Sr. (a) LEONARDO DOS SANTOS CORTE, do cargo \r\nque especifica.","dataAtualizacao":"2026-01-23 14:24:16","dataInicioVigencia":null,"dataFimVigencia":null,"data":"2026-01-20","numero":125,"categoria":"Portaria","situacao":"Em vigor","descricao":""},{"ementa":"DESIGNAR o (a) Sr (a) PATRICIA FERNANDA ADAMI para exercer em \r\nsubstitui\u00e7\u00e3o o cargo que especifica.","dataAtualizacao":"2026-01-23 14:22:55","dataInicioVigencia":null,"dataFimVigencia":null,"data":"2026-01-19","numero":124,"categoria":"Portaria","situacao":"Em vigor","descricao":""},{"ementa":"DESIGNAR o (a) Sr (a) THAISA DA SILVA VIEIRA para exercer em \r\nsubstitui\u00e7\u00e3o o cargo que especifica.","dataAtualizacao":"2026-01-23 14:20:08","dataInicioVigencia":null,"dataFimVigencia":null,"data":"2026-01-19","numero":123,"categoria":"Portaria","situacao":"Em vigor","descricao":""},{"ementa":"DESIGNAR o (a) Sr (a) JAQUELINE GONCALVES MARTINEZ, para exercer\r\ninterinamente o cargo que especifica.","dataAtualizacao":"2026-01-28 08:02:54","dataInicioVigencia":null,"dataFimVigencia":null,"data":"2026-01-19","numero":122,"categoria":"Portaria","situacao":"Em vigor","descricao":""},{"ementa":"DESIGNAR o (a) Sr (a) EDER APARECIDO ALTRAN para exercer em\r\nsubstitui\u00e7\u00e3o o cargo que especifica.","dataAtualizacao":"2026-01-21 14:09:59","dataInicioVigencia":null,"dataFimVigencia":null,"data":"2026-01-19","numero":121,"categoria":"Portaria","situacao":"Em vigor","descricao":""},{"ementa":"EXONERAR o (a) Sr (a) RAUL ALVES FIGUEIREDO NETO, do cargo que\r\nespecifica.","dataAtualizacao":"2026-01-21 14:09:26","dataInicioVigencia":null,"dataFimVigencia":null,"data":"2026-01-19","numero":120,"categoria":"Portaria","situacao":"Em vigor","descricao":""},{"ementa":"CONCEDER F\u00c9RIAS ao (a) Sr (a). ADRIANA PEDRACCI MAZIERO","dataAtualizacao":"2026-01-21 14:08:18","dataInicioVigencia":null,"dataFimVigencia":null,"data":"2026-01-19","numero":119,"categoria":"Portaria","situacao":"Em vigor","descricao":""},{"ementa":"Disp\u00f5e sobre a cria\u00e7\u00e3o de cargo conforme especifica.\r\n10 cargos de Professor de EMEI.","dataAtualizacao":"2026-01-20 14:08:00","dataInicioVigencia":null,"dataFimVigencia":null,"data":"2026-01-16","numero":641,"categoria":"Lei Complementar","situacao":"Em vigor","descricao":""},{"ementa":"Disp\u00f5e sobre a contrata\u00e7\u00e3o tempor\u00e1ria, do (a) Sr (a) DANIELE APARECIDA ALVES\r\nMARTINS em atendimento a solicita\u00e7\u00e3o da Secretaria de Sa\u00fade e Higiene\r\nP\u00fablica, atrav\u00e9s do Edital n\u00ba 004\/2025, que especifica e d\u00e1 outras provid\u00eancias.","dataAtualizacao":"2026-01-21 14:07:44","dataInicioVigencia":null,"dataFimVigencia":null,"data":"2026-01-16","numero":118,"categoria":"Portaria","situacao":"Em vigor","descricao":""},{"ementa":"CONCEDER F\u00c9RIAS ao (a) Sr (a). LUCIANA DE FATIMA BATISTA DOS SANTOS.","dataAtualizacao":"2026-01-21 14:07:09","dataInicioVigencia":null,"dataFimVigencia":null,"data":"2026-01-16","numero":117,"categoria":"Portaria","situacao":"Em vigor","descricao":""},{"ementa":"CONCEDER F\u00c9RIAS ao (a) Sr (a). ALINE DA SILVA ANDRADE.","dataAtualizacao":"2026-01-21 14:06:12","dataInicioVigencia":null,"dataFimVigencia":null,"data":"2026-01-15","numero":116,"categoria":"Portaria","situacao":"Em vigor","descricao":""},{"ementa":"EXONERAR, a pedido, o (a) Sr. (a) DANIELE DE OLIVEIRA GOMES, do cargo\r\nque especifica.","dataAtualizacao":"2026-01-21 14:05:32","dataInicioVigencia":null,"dataFimVigencia":null,"data":"2026-01-15","numero":115,"categoria":"Portaria","situacao":"Em vigor","descricao":""},{"ementa":"EXONERAR, a pedido, o (a) Sr. (a) JOSIE EMILIA DE QUEIROZ POMBAL, do \r\ncargo que especifica.","dataAtualizacao":"2026-01-23 14:16:33","dataInicioVigencia":null,"dataFimVigencia":null,"data":"2026-01-15","numero":114,"categoria":"Portaria","situacao":"Em vigor","descricao":""},{"ementa":"CONCEDER F\u00c9RIAS ao (a) Sr (a). JOAO USSIFATI.","dataAtualizacao":"2026-01-23 14:14:57","dataInicioVigencia":null,"dataFimVigencia":null,"data":"2026-01-15","numero":113,"categoria":"Portaria","situacao":"Em vigor","descricao":""},{"ementa":"DESIGNAR o (a) Sr (a) DESIREE APARECIDA DA SILVA RAMALHO DE OLIVEIRA\r\npara exercer em substitui\u00e7\u00e3o o cargo que especifica.","dataAtualizacao":"2026-01-21 14:04:57","dataInicioVigencia":null,"dataFimVigencia":null,"data":"2026-01-15","numero":112,"categoria":"Portaria","situacao":"Em vigor","descricao":""},{"ementa":"DESIGNAR o (a) Sr (a) DESIREE APARECIDA DA SILVA RAMALHO DE OLIVEIRA\r\npara exercer em substitui\u00e7\u00e3o o cargo que especifica.","dataAtualizacao":"2026-01-21 14:04:00","dataInicioVigencia":null,"dataFimVigencia":null,"data":"2026-01-15","numero":111,"categoria":"Portaria","situacao":"Em vigor","descricao":""},{"ementa":"CONCEDER F\u00c9RIAS ao (a) Sr (a). ELIANE APARECIDA SANTANA.","dataAtualizacao":"2026-01-21 14:03:20","dataInicioVigencia":null,"dataFimVigencia":null,"data":"2026-01-14","numero":110,"categoria":"Portaria","situacao":"Em vigor","descricao":""},{"ementa":"CONCEDER F\u00c9RIAS ao (a) Sr (a). CRISTIANE QUEIROZ CAROLINO","dataAtualizacao":"2026-01-21 14:02:37","dataInicioVigencia":null,"dataFimVigencia":null,"data":"2026-01-14","numero":109,"categoria":"Portaria","situacao":"Em vigor","descricao":""},{"ementa":"CONCEDER F\u00c9RIAS ao (a) Sr (a). SIDNEIA GONCALVES PEREIRA.","dataAtualizacao":"2026-01-21 14:00:16","dataInicioVigencia":null,"dataFimVigencia":null,"data":"2026-01-14","numero":108,"categoria":"Portaria","situacao":"Em vigor","descricao":""},{"ementa":"CONCEDER LICEN\u00c7A M\u00c9DICA ao (a) Sr (a). TAISA DOS SANTOS\r\nCONCEICAO.","dataAtualizacao":"2026-01-21 13:59:39","dataInicioVigencia":null,"dataFimVigencia":null,"data":"2026-01-14","numero":107,"categoria":"Portaria","situacao":"Em vigor","descricao":""},{"ementa":"EXONERAR, a pedido, o (a) Sr. (a) LUCIMAR APARECIDA DE FREITAS\r\nRIBEIRO, do cargo que especifica.","dataAtualizacao":"2026-01-21 13:57:02","dataInicioVigencia":null,"dataFimVigencia":null,"data":"2026-01-14","numero":106,"categoria":"Portaria","situacao":"Em vigor","descricao":""},{"ementa":"CONCEDER F\u00c9RIAS ao (a) Sr (a). JOSE VANDERLEI RIBEIRO NUNES.","dataAtualizacao":"2026-01-21 13:56:30","dataInicioVigencia":null,"dataFimVigencia":null,"data":"2026-01-14","numero":105,"categoria":"Portaria","situacao":"Em vigor","descricao":""},{"ementa":"Nomeia em est\u00e1gio probat\u00f3rio o (a) Sr (a) JENIFER VITORIA DOS SANTOS SOUZA,\r\npara o cargo que especifica.","dataAtualizacao":"2026-01-21 13:55:57","dataInicioVigencia":null,"dataFimVigencia":null,"data":"2026-01-14","numero":104,"categoria":"Portaria","situacao":"Em vigor","descricao":""},{"ementa":"CONCEDER LICEN\u00c7A M\u00c9DICA ao (a) Sr (a). JOSIRENE FERREIRA HEREDIA\r\nSANTOS.","dataAtualizacao":"2026-01-21 13:55:07","dataInicioVigencia":null,"dataFimVigencia":null,"data":"2026-01-14","numero":103,"categoria":"Portaria","situacao":"Em vigor","descricao":""},{"ementa":"CONCEDER LICEN\u00c7A M\u00c9DICA ao (a) Sr (a). CAMILA CONFORTINI DE\r\nCARVALHO CAMARGO.","dataAtualizacao":"2026-01-21 13:54:18","dataInicioVigencia":null,"dataFimVigencia":null,"data":"2026-01-13","numero":102,"categoria":"Portaria","situacao":"Em vigor","descricao":""},{"ementa":"CONCEDER LICEN\u00c7A M\u00c9DICA ao (a) Sr (a). LAURA VITORIA PEREIRA DA\r\nSILVA AGUIAR.","dataAtualizacao":"2026-01-21 13:52:02","dataInicioVigencia":null,"dataFimVigencia":null,"data":"2026-01-13","numero":101,"categoria":"Portaria","situacao":"Em vigor","descricao":""},{"ementa":"Estabelece os pontos facultativos e os feriados para o ano de 2026, conforme especifica.","dataAtualizacao":"2026-02-11 14:19:28","dataInicioVigencia":null,"dataFimVigencia":null,"data":"2026-01-12","numero":8153,"categoria":"Decreto","situacao":"Em vigor","descricao":""},{"ementa":"CONCEDER LICEN\u00c7A M\u00c9DICA ao (a) Sr (a). GISLAINE MARIA OLIVEIRA\r\nSAKAMOTO.","dataAtualizacao":"2026-01-21 13:51:07","dataInicioVigencia":null,"dataFimVigencia":null,"data":"2026-01-12","numero":100,"categoria":"Portaria","situacao":"Em vigor","descricao":""},{"ementa":"DESIGNAR o (a) Sr (a) REGIANE DE JESUS OLIVEIRA para exercer em\r\nsubstitui\u00e7\u00e3o o cargo que especifica.","dataAtualizacao":"2026-01-21 13:50:15","dataInicioVigencia":null,"dataFimVigencia":null,"data":"2026-01-12","numero":99,"categoria":"Portaria","situacao":"Em vigor","descricao":""},{"ementa":"DESIGNAR o (a) Sr (a) ELAINE CRISTINA CARDOSO VILARINO para exercer em\r\nsubstitui\u00e7\u00e3o o cargo que especifica.","dataAtualizacao":"2026-01-21 13:49:24","dataInicioVigencia":null,"dataFimVigencia":null,"data":"2026-01-12","numero":98,"categoria":"Portaria","situacao":"Em vigor","descricao":""},{"ementa":"DESIGNAR o (a) Sr (a) DANIELA BOGAZ SILVA para exercer em substitui\u00e7\u00e3o o\r\ncargo que especifica.","dataAtualizacao":"2026-01-21 13:48:10","dataInicioVigencia":null,"dataFimVigencia":null,"data":"2026-01-12","numero":97,"categoria":"Portaria","situacao":"Em vigor","descricao":""},{"ementa":"CONCEDER LICEN\u00c7A M\u00c9DICA ao (a) Sr (a). GABRIELA DE ALMEIDA SA.","dataAtualizacao":"2026-01-21 13:47:10","dataInicioVigencia":null,"dataFimVigencia":null,"data":"2026-01-12","numero":96,"categoria":"Portaria","situacao":"Em vigor","descricao":""},{"ementa":"Disp\u00f5e sobre a contrata\u00e7\u00e3o tempor\u00e1ria, do (a) Sr. (a) VANIA ROBERTA MARTINS\r\nCARNEIRO, em atendimento a solicita\u00e7\u00e3o da Secretaria de Educa\u00e7\u00e3o, atrav\u00e9s do\r\nProcesso Seletivo Simplificado n\u00ba001\/2025 - PROJETO F\u00c9RIAS, para exercer a\r\nfun\u00e7\u00e3o que especifica.","dataAtualizacao":"2026-01-13 09:35:30","dataInicioVigencia":null,"dataFimVigencia":null,"data":"2026-01-12","numero":95,"categoria":"Portaria","situacao":"Em vigor","descricao":""},{"ementa":"Disp\u00f5e sobre a contrata\u00e7\u00e3o tempor\u00e1ria, do (a) Sr. (a) THAIS APARECIDA DOS\r\nSANTOS MOURA, em atendimento a solicita\u00e7\u00e3o da Secretaria de Educa\u00e7\u00e3o,\r\natrav\u00e9s do Processo Seletivo Simplificado n\u00ba001\/2025 - PROJETO F\u00c9RIAS, para\r\nexercer a fun\u00e7\u00e3o que especifica.","dataAtualizacao":"2026-01-13 09:35:03","dataInicioVigencia":null,"dataFimVigencia":null,"data":"2026-01-12","numero":94,"categoria":"Portaria","situacao":"Em vigor","descricao":""},{"ementa":"Disp\u00f5e sobre a contrata\u00e7\u00e3o tempor\u00e1ria, do (a) Sr. (a) TATIANE APARECIDA GAVA\r\nLOPES, em atendimento a solicita\u00e7\u00e3o da Secretaria de Educa\u00e7\u00e3o, atrav\u00e9s do\r\nProcesso Seletivo Simplificado n\u00ba001\/2025 - PROJETO F\u00c9RIAS, para exercer a\r\nfun\u00e7\u00e3o que especifica.","dataAtualizacao":"2026-01-13 09:34:35","dataInicioVigencia":null,"dataFimVigencia":null,"data":"2026-01-12","numero":93,"categoria":"Portaria","situacao":"Em vigor","descricao":""},{"ementa":"Disp\u00f5e sobre a contrata\u00e7\u00e3o tempor\u00e1ria, do (a) Sr. (a) TAISE REGAGNAN RODAS,\r\nem atendimento a solicita\u00e7\u00e3o da Secretaria de Educa\u00e7\u00e3o, atrav\u00e9s do Processo\r\nSeletivo Simplificado n\u00ba001\/2025 - PROJETO F\u00c9RIAS, para exercer a fun\u00e7\u00e3o que\r\nespecifica.","dataAtualizacao":"2026-01-13 09:33:53","dataInicioVigencia":null,"dataFimVigencia":null,"data":"2026-01-12","numero":92,"categoria":"Portaria","situacao":"Em vigor","descricao":""},{"ementa":"Disp\u00f5e sobre a contrata\u00e7\u00e3o tempor\u00e1ria, do (a) Sr. (a) SUEJANY CONRADO\r\nGIMENEZ, em atendimento a solicita\u00e7\u00e3o da Secretaria de Educa\u00e7\u00e3o, atrav\u00e9s do\r\nProcesso Seletivo Simplificado n\u00ba001\/2025 - PROJETO F\u00c9RIAS, para exercer a\r\nfun\u00e7\u00e3o que especifica.","dataAtualizacao":"2026-01-13 09:33:27","dataInicioVigencia":null,"dataFimVigencia":null,"data":"2026-01-12","numero":91,"categoria":"Portaria","situacao":"Em vigor","descricao":""},{"ementa":"Disp\u00f5e sobre a contrata\u00e7\u00e3o tempor\u00e1ria, do (a) Sr. (a) SOLIMAR ARAUJO CODO,\r\nem atendimento a solicita\u00e7\u00e3o da Secretaria de Educa\u00e7\u00e3o, atrav\u00e9s do Processo\r\nSeletivo Simplificado n\u00ba001\/2025 - PROJETO F\u00c9RIAS, para exercer a fun\u00e7\u00e3o que\r\nespecifica.","dataAtualizacao":"2026-01-13 09:33:00","dataInicioVigencia":null,"dataFimVigencia":null,"data":"2026-01-12","numero":90,"categoria":"Portaria","situacao":"Em vigor","descricao":""},{"ementa":"Disp\u00f5e sobre a contrata\u00e7\u00e3o tempor\u00e1ria, do (a) Sr. (a) ROSEMEIRE MOREIRA DE\r\nCASTRO, em atendimento a solicita\u00e7\u00e3o da Secretaria de Educa\u00e7\u00e3o, atrav\u00e9s do\r\nProcesso Seletivo Simplificado n\u00ba001\/2025 - PROJETO F\u00c9RIAS, para exercer a\r\nfun\u00e7\u00e3o que especifica.","dataAtualizacao":"2026-01-13 09:32:31","dataInicioVigencia":null,"dataFimVigencia":null,"data":"2026-01-12","numero":89,"categoria":"Portaria","situacao":"Em vigor","descricao":""},{"ementa":"Disp\u00f5e sobre a contrata\u00e7\u00e3o tempor\u00e1ria, do (a) Sr. (a) ROSELI DE SOUZA SANTOS,\r\nem atendimento a solicita\u00e7\u00e3o da Secretaria de Educa\u00e7\u00e3o, atrav\u00e9s do Processo\r\nSeletivo Simplificado n\u00ba001\/2025 - PROJETO F\u00c9RIAS, para exercer a fun\u00e7\u00e3o que\r\nespecifica.","dataAtualizacao":"2026-01-13 09:32:03","dataInicioVigencia":null,"dataFimVigencia":null,"data":"2026-01-12","numero":88,"categoria":"Portaria","situacao":"Em vigor","descricao":""},{"ementa":"Disp\u00f5e sobre a contrata\u00e7\u00e3o tempor\u00e1ria, do (a) Sr. (a) RENATA RIBEIRO DE\r\nQUEIROZ, em atendimento a solicita\u00e7\u00e3o da Secretaria de Educa\u00e7\u00e3o, atrav\u00e9s do\r\nProcesso Seletivo Simplificado n\u00ba001\/2025 - PROJETO F\u00c9RIAS, para exercer a\r\nfun\u00e7\u00e3o que especifica.","dataAtualizacao":"2026-01-13 09:31:34","dataInicioVigencia":null,"dataFimVigencia":null,"data":"2026-01-12","numero":87,"categoria":"Portaria","situacao":"Em vigor","descricao":""},{"ementa":"Disp\u00f5e sobre a contrata\u00e7\u00e3o tempor\u00e1ria, do (a) Sr. (a) PATRICIA MAESTRELLO\r\nAGUIAR, em atendimento a solicita\u00e7\u00e3o da Secretaria de Educa\u00e7\u00e3o, atrav\u00e9s do\r\nProcesso Seletivo Simplificado n\u00ba001\/2025 - PROJETO F\u00c9RIAS, para exercer a\r\nfun\u00e7\u00e3o que especifica.","dataAtualizacao":"2026-01-13 09:31:05","dataInicioVigencia":null,"dataFimVigencia":null,"data":"2026-01-12","numero":86,"categoria":"Portaria","situacao":"Em vigor","descricao":""},{"ementa":"Disp\u00f5e sobre a contrata\u00e7\u00e3o tempor\u00e1ria, do (a) Sr. (a) MONICA DE CASSIA BEATO\r\nARAGAO, em atendimento a solicita\u00e7\u00e3o da Secretaria de Educa\u00e7\u00e3o, atrav\u00e9s do\r\nProcesso Seletivo Simplificado n\u00ba001\/2025 - PROJETO F\u00c9RIAS, para exercer a\r\nfun\u00e7\u00e3o que especifica.","dataAtualizacao":"2026-01-13 09:30:33","dataInicioVigencia":null,"dataFimVigencia":null,"data":"2026-01-12","numero":85,"categoria":"Portaria","situacao":"Em vigor","descricao":""},{"ementa":"Disp\u00f5e sobre a contrata\u00e7\u00e3o tempor\u00e1ria, do (a) Sr. (a) MARINEI SILVA DE\r\nOLIVEIRA SIQUEIRA, em atendimento a solicita\u00e7\u00e3o da Secretaria de Educa\u00e7\u00e3o,\r\natrav\u00e9s do Processo Seletivo Simplificado n\u00ba001\/2025 - PROJETO F\u00c9RIAS, para\r\nexercer a fun\u00e7\u00e3o que especifica.","dataAtualizacao":"2026-01-13 09:30:05","dataInicioVigencia":null,"dataFimVigencia":null,"data":"2026-01-12","numero":84,"categoria":"Portaria","situacao":"Em vigor","descricao":""},{"ementa":"Disp\u00f5e sobre a contrata\u00e7\u00e3o tempor\u00e1ria, do (a) Sr. (a) MARIA TEYCIANNE MONTE\r\nDA SILVA, em atendimento a solicita\u00e7\u00e3o da Secretaria de Educa\u00e7\u00e3o, atrav\u00e9s do\r\nProcesso Seletivo Simplificado n\u00ba001\/2025 - PROJETO F\u00c9RIAS, para exercer a\r\nfun\u00e7\u00e3o que especifica.","dataAtualizacao":"2026-01-13 09:29:32","dataInicioVigencia":null,"dataFimVigencia":null,"data":"2026-01-12","numero":83,"categoria":"Portaria","situacao":"Em vigor","descricao":""},{"ementa":"Disp\u00f5e sobre a contrata\u00e7\u00e3o tempor\u00e1ria, do (a) Sr. (a) MARIA MARTA DE LUCAS\r\nDIAS, em atendimento a solicita\u00e7\u00e3o da Secretaria de Educa\u00e7\u00e3o, atrav\u00e9s do\r\nProcesso Seletivo Simplificado n\u00ba001\/2025 - PROJETO F\u00c9RIAS, para exercer a\r\nfun\u00e7\u00e3o que especifica.","dataAtualizacao":"2026-01-13 09:29:04","dataInicioVigencia":null,"dataFimVigencia":null,"data":"2026-01-12","numero":82,"categoria":"Portaria","situacao":"Em vigor","descricao":""},{"ementa":"Disp\u00f5e sobre a contrata\u00e7\u00e3o tempor\u00e1ria, do (a) Sr. (a) LUZIANA CARLA FERRARI,\r\nem atendimento a solicita\u00e7\u00e3o da Secretaria de Educa\u00e7\u00e3o, atrav\u00e9s do Processo\r\nSeletivo Simplificado n\u00ba001\/2025 - PROJETO F\u00c9RIAS, para exercer a fun\u00e7\u00e3o que\r\nespecifica.","dataAtualizacao":"2026-01-13 09:28:37","dataInicioVigencia":null,"dataFimVigencia":null,"data":"2026-01-12","numero":81,"categoria":"Portaria","situacao":"Em vigor","descricao":""},{"ementa":"Disp\u00f5e sobre a contrata\u00e7\u00e3o tempor\u00e1ria, do (a) Sr. (a) LUCIMARA DE FATIMA\r\nLOPES RODRIGUES, em atendimento a solicita\u00e7\u00e3o da Secretaria de Educa\u00e7\u00e3o,\r\natrav\u00e9s do Processo Seletivo Simplificado n\u00ba001\/2025 - PROJETO F\u00c9RIAS, para\r\nexercer a fun\u00e7\u00e3o que especifica.","dataAtualizacao":"2026-01-13 09:26:58","dataInicioVigencia":null,"dataFimVigencia":null,"data":"2026-01-12","numero":80,"categoria":"Portaria","situacao":"Em vigor","descricao":""},{"ementa":"Disp\u00f5e sobre a contrata\u00e7\u00e3o tempor\u00e1ria, do (a) Sr. (a) LETICIA PEREIRA DA SILVA,\r\nem atendimento a solicita\u00e7\u00e3o da Secretaria de Educa\u00e7\u00e3o, atrav\u00e9s do Processo\r\nSeletivo Simplificado n\u00ba001\/2025 - PROJETO F\u00c9RIAS, para exercer a fun\u00e7\u00e3o que\r\nespecifica.","dataAtualizacao":"2026-01-13 09:26:21","dataInicioVigencia":null,"dataFimVigencia":null,"data":"2026-01-12","numero":79,"categoria":"Portaria","situacao":"Em vigor","descricao":""},{"ementa":"Disp\u00f5e sobre a contrata\u00e7\u00e3o tempor\u00e1ria, do (a) Sr. (a) LETHICIA JORGE TOZZO, em\r\natendimento a solicita\u00e7\u00e3o da Secretaria de Educa\u00e7\u00e3o, atrav\u00e9s do Processo\r\nSeletivo Simplificado n\u00ba001\/2025 - PROJETO F\u00c9RIAS, para exercer a fun\u00e7\u00e3o que\r\nespecifica.","dataAtualizacao":"2026-01-13 09:25:51","dataInicioVigencia":null,"dataFimVigencia":null,"data":"2026-01-12","numero":78,"categoria":"Portaria","situacao":"Em vigor","descricao":""},{"ementa":"Disp\u00f5e sobre a contrata\u00e7\u00e3o tempor\u00e1ria, do (a) Sr. (a) KATIA ELIZABETH DE\r\nOLIVEIRA CEARA, em atendimento a solicita\u00e7\u00e3o da Secretaria de Educa\u00e7\u00e3o,\r\natrav\u00e9s do Processo Seletivo Simplificado n\u00ba001\/2025 - PROJETO F\u00c9RIAS, para\r\nexercer a fun\u00e7\u00e3o que especifica.","dataAtualizacao":"2026-01-13 09:25:20","dataInicioVigencia":null,"dataFimVigencia":null,"data":"2026-01-12","numero":77,"categoria":"Portaria","situacao":"Em vigor","descricao":""},{"ementa":"Disp\u00f5e sobre a contrata\u00e7\u00e3o tempor\u00e1ria, do (a) Sr. (a) JOSEANE ROSA GOMES\r\nPINHEIRO, em atendimento a solicita\u00e7\u00e3o da Secretaria de Educa\u00e7\u00e3o, atrav\u00e9s do\r\nProcesso Seletivo Simplificado n\u00ba001\/2025 - PROJETO F\u00c9RIAS, para exercer a\r\nfun\u00e7\u00e3o que especifica.","dataAtualizacao":"2026-01-13 09:24:54","dataInicioVigencia":null,"dataFimVigencia":null,"data":"2026-01-12","numero":76,"categoria":"Portaria","situacao":"Em vigor","descricao":""},{"ementa":"Disp\u00f5e sobre a contrata\u00e7\u00e3o tempor\u00e1ria, do (a) Sr. (a) JOICE CELESTINO DE\r\nFREITAS, em atendimento a solicita\u00e7\u00e3o da Secretaria de Educa\u00e7\u00e3o, atrav\u00e9s do\r\nProcesso Seletivo Simplificado n\u00ba001\/2025 - PROJETO F\u00c9RIAS, para exercer a\r\nfun\u00e7\u00e3o que especifica.","dataAtualizacao":"2026-01-13 09:24:21","dataInicioVigencia":null,"dataFimVigencia":null,"data":"2026-01-12","numero":75,"categoria":"Portaria","situacao":"Em vigor","descricao":""},{"ementa":"Disp\u00f5e sobre a contrata\u00e7\u00e3o tempor\u00e1ria, do (a) Sr. (a) JESSICA MARQUES ORTEGA\r\nGRASSI, em atendimento a solicita\u00e7\u00e3o da Secretaria de Educa\u00e7\u00e3o, atrav\u00e9s do\r\nProcesso Seletivo Simplificado n\u00ba001\/2025 - PROJETO F\u00c9RIAS, para exercer a\r\nfun\u00e7\u00e3o que especifica.","dataAtualizacao":"2026-01-13 09:23:35","dataInicioVigencia":null,"dataFimVigencia":null,"data":"2026-01-12","numero":74,"categoria":"Portaria","situacao":"Em vigor","descricao":""},{"ementa":"Disp\u00f5e sobre a contrata\u00e7\u00e3o tempor\u00e1ria, do (a) Sr. (a) ISABEL DIONISIO, em\r\natendimento a solicita\u00e7\u00e3o da Secretaria de Educa\u00e7\u00e3o, atrav\u00e9s do Processo\r\nSeletivo Simplificado n\u00ba001\/2025 - PROJETO F\u00c9RIAS, para exercer a fun\u00e7\u00e3o que\r\nespecifica.","dataAtualizacao":"2026-01-13 09:22:55","dataInicioVigencia":null,"dataFimVigencia":null,"data":"2026-01-12","numero":73,"categoria":"Portaria","situacao":"Em vigor","descricao":""},{"ementa":"Disp\u00f5e sobre a contrata\u00e7\u00e3o tempor\u00e1ria, do (a) Sr. (a) INES APARECIDA\r\nTERENCIANO BRONCA, em atendimento a solicita\u00e7\u00e3o da Secretaria de\r\nEduca\u00e7\u00e3o, atrav\u00e9s do Processo Seletivo Simplificado n\u00ba001\/2025 - PROJETO\r\nF\u00c9RIAS, para exercer a fun\u00e7\u00e3o que especifica.","dataAtualizacao":"2026-01-13 09:22:25","dataInicioVigencia":null,"dataFimVigencia":null,"data":"2026-01-12","numero":72,"categoria":"Portaria","situacao":"Em vigor","descricao":""},{"ementa":"Disp\u00f5e sobre a contrata\u00e7\u00e3o tempor\u00e1ria, do (a) Sr. (a) GABRIELE PEREIRA DE\r\nSOUZA SILVA ALMEIDA, em atendimento a solicita\u00e7\u00e3o da Secretaria de\r\nEduca\u00e7\u00e3o, atrav\u00e9s do Processo Seletivo Simplificado n\u00ba001\/2025 - PROJETO\r\nF\u00c9RIAS, para exercer a fun\u00e7\u00e3o que especifica.","dataAtualizacao":"2026-01-13 09:21:56","dataInicioVigencia":null,"dataFimVigencia":null,"data":"2026-01-12","numero":71,"categoria":"Portaria","situacao":"Em vigor","descricao":""},{"ementa":"Disp\u00f5e sobre a contrata\u00e7\u00e3o tempor\u00e1ria, do (a) Sr. (a) FRANCISCA SHEILA\r\nPEREIRA GUIMARAES, em atendimento a solicita\u00e7\u00e3o da Secretaria de Educa\u00e7\u00e3o,\r\natrav\u00e9s do Processo Seletivo Simplificado n\u00ba001\/2025 - PROJETO F\u00c9RIAS, para\r\nexercer a fun\u00e7\u00e3o que especifica.","dataAtualizacao":"2026-01-13 09:21:27","dataInicioVigencia":null,"dataFimVigencia":null,"data":"2026-01-12","numero":70,"categoria":"Portaria","situacao":"Em vigor","descricao":""},{"ementa":"Disp\u00f5e sobre a contrata\u00e7\u00e3o tempor\u00e1ria, do (a) Sr. (a) FLAVIA SANTOS SOARIS, em\r\natendimento a solicita\u00e7\u00e3o da Secretaria de Educa\u00e7\u00e3o, atrav\u00e9s do Processo\r\nSeletivo Simplificado n\u00ba001\/2025 - PROJETO F\u00c9RIAS, para exercer a fun\u00e7\u00e3o que\r\nespecifica.","dataAtualizacao":"2026-01-13 09:20:53","dataInicioVigencia":null,"dataFimVigencia":null,"data":"2026-01-12","numero":69,"categoria":"Portaria","situacao":"Em vigor","descricao":""},{"ementa":"Disp\u00f5e sobre a contrata\u00e7\u00e3o tempor\u00e1ria, do (a) Sr. (a) FERNANDA ROBERTA\r\nGALINA GUZAO, em atendimento a solicita\u00e7\u00e3o da Secretaria de Educa\u00e7\u00e3o,\r\natrav\u00e9s do Processo Seletivo Simplificado n\u00ba001\/2025 - PROJETO F\u00c9RIAS, para\r\nexercer a fun\u00e7\u00e3o que especifica.","dataAtualizacao":"2026-01-13 09:20:27","dataInicioVigencia":null,"dataFimVigencia":null,"data":"2026-01-12","numero":68,"categoria":"Portaria","situacao":"Em vigor","descricao":""},{"ementa":"Disp\u00f5e sobre a contrata\u00e7\u00e3o tempor\u00e1ria, do (a) Sr. (a) FERNANDA FATIMA\r\nFIGUEIRA CASTRO, em atendimento a solicita\u00e7\u00e3o da Secretaria de Educa\u00e7\u00e3o,\r\natrav\u00e9s do Processo Seletivo Simplificado n\u00ba001\/2025 - PROJETO F\u00c9RIAS, para\r\nexercer a fun\u00e7\u00e3o que especifica.","dataAtualizacao":"2026-01-13 09:19:53","dataInicioVigencia":null,"dataFimVigencia":null,"data":"2026-01-12","numero":67,"categoria":"Portaria","situacao":"Em vigor","descricao":""},{"ementa":"Disp\u00f5e sobre a contrata\u00e7\u00e3o tempor\u00e1ria, do (a) Sr. (a) FERNANDA CRISTINA\r\nBRENHA, em atendimento a solicita\u00e7\u00e3o da Secretaria de Educa\u00e7\u00e3o, atrav\u00e9s do\r\nProcesso Seletivo Simplificado n\u00ba001\/2025 - PROJETO F\u00c9RIAS, para exercer a\r\nfun\u00e7\u00e3o que especifica.","dataAtualizacao":"2026-01-13 09:19:17","dataInicioVigencia":null,"dataFimVigencia":null,"data":"2026-01-12","numero":66,"categoria":"Portaria","situacao":"Em vigor","descricao":""},{"ementa":"Disp\u00f5e sobre a contrata\u00e7\u00e3o tempor\u00e1ria, do (a) Sr. (a) FABIANA GARBELINI, em\r\natendimento a solicita\u00e7\u00e3o da Secretaria de Educa\u00e7\u00e3o, atrav\u00e9s do Processo\r\nSeletivo Simplificado n\u00ba001\/2025 - PROJETO F\u00c9RIAS, para exercer a fun\u00e7\u00e3o que\r\nespecifica.","dataAtualizacao":"2026-01-13 09:18:45","dataInicioVigencia":null,"dataFimVigencia":null,"data":"2026-01-12","numero":65,"categoria":"Portaria","situacao":"Em vigor","descricao":""},{"ementa":"Disp\u00f5e sobre a contrata\u00e7\u00e3o tempor\u00e1ria, do (a) Sr. (a) DENISE GARCIA\r\nHOEPPNER, em atendimento a solicita\u00e7\u00e3o da Secretaria de Educa\u00e7\u00e3o, atrav\u00e9s do\r\nProcesso Seletivo Simplificado n\u00ba001\/2025 - PROJETO F\u00c9RIAS, para exercer a\r\nfun\u00e7\u00e3o que especifica.","dataAtualizacao":"2026-01-13 09:18:14","dataInicioVigencia":null,"dataFimVigencia":null,"data":"2026-01-12","numero":64,"categoria":"Portaria","situacao":"Em vigor","descricao":""},{"ementa":"Disp\u00f5e sobre a contrata\u00e7\u00e3o tempor\u00e1ria, do (a) Sr. (a) DEBORA PATRICIA\r\nADORNO DA SILVA MIZOBUTI, em atendimento a solicita\u00e7\u00e3o da Secretaria de\r\nEduca\u00e7\u00e3o, atrav\u00e9s do Processo Seletivo Simplificado n\u00ba001\/2025 - PROJETO\r\nF\u00c9RIAS, para exercer a fun\u00e7\u00e3o que especifica.","dataAtualizacao":"2026-01-13 09:15:25","dataInicioVigencia":null,"dataFimVigencia":null,"data":"2026-01-12","numero":63,"categoria":"Portaria","situacao":"Em vigor","descricao":""},{"ementa":"Disp\u00f5e sobre a contrata\u00e7\u00e3o tempor\u00e1ria, do (a) Sr. (a) DAMARIS BARROSO DA\r\nSILVA, em atendimento a solicita\u00e7\u00e3o da Secretaria de Educa\u00e7\u00e3o, atrav\u00e9s do\r\nProcesso Seletivo Simplificado n\u00ba001\/2025 - PROJETO F\u00c9RIAS, para exercer a\r\nfun\u00e7\u00e3o que especifica.","dataAtualizacao":"2026-01-13 09:14:47","dataInicioVigencia":null,"dataFimVigencia":null,"data":"2026-01-12","numero":62,"categoria":"Portaria","situacao":"Em vigor","descricao":""},{"ementa":"Disp\u00f5e sobre a contrata\u00e7\u00e3o tempor\u00e1ria, do (a) Sr. (a) DAIANI CRISTINA\r\nMARCOMINI, em atendimento a solicita\u00e7\u00e3o da Secretaria de Educa\u00e7\u00e3o, atrav\u00e9s\r\ndo Processo Seletivo Simplificado n\u00ba001\/2025 - PROJETO F\u00c9RIAS, para exercer a\r\nfun\u00e7\u00e3o que especifica.","dataAtualizacao":"2026-01-13 09:14:20","dataInicioVigencia":null,"dataFimVigencia":null,"data":"2026-01-12","numero":61,"categoria":"Portaria","situacao":"Em vigor","descricao":""},{"ementa":"Disp\u00f5e sobre a contrata\u00e7\u00e3o tempor\u00e1ria, do (a) Sr. (a) CRISTINA CAMPANARI\r\nPEREIRA SALOMONI CAVALLO, em atendimento a solicita\u00e7\u00e3o da Secretaria de\r\nEduca\u00e7\u00e3o, atrav\u00e9s do Processo Seletivo Simplificado n\u00ba001\/2025 - PROJETO\r\nF\u00c9RIAS, para exercer a fun\u00e7\u00e3o que especifica.","dataAtualizacao":"2026-01-13 09:13:51","dataInicioVigencia":null,"dataFimVigencia":null,"data":"2026-01-12","numero":60,"categoria":"Portaria","situacao":"Em vigor","descricao":""},{"ementa":"Disp\u00f5e sobre a contrata\u00e7\u00e3o tempor\u00e1ria, do (a) Sr. (a) CRISTIANE DE ALMEIDA\r\nSILVA CROSCATTO, em atendimento a solicita\u00e7\u00e3o da Secretaria de Educa\u00e7\u00e3o,\r\natrav\u00e9s do Processo Seletivo Simplificado n\u00ba001\/2025 - PROJETO F\u00c9RIAS, para\r\nexercer a fun\u00e7\u00e3o que especifica.","dataAtualizacao":"2026-01-13 09:13:24","dataInicioVigencia":null,"dataFimVigencia":null,"data":"2026-01-12","numero":59,"categoria":"Portaria","situacao":"Em vigor","descricao":""},{"ementa":"Disp\u00f5e sobre a contrata\u00e7\u00e3o tempor\u00e1ria, do (a) Sr. (a) CLAUDIA REGINA CAETANO,\r\nem atendimento a solicita\u00e7\u00e3o da Secretaria de Educa\u00e7\u00e3o, atrav\u00e9s do Processo\r\nSeletivo Simplificado n\u00ba001\/2025 - PROJETO F\u00c9RIAS, para exercer a fun\u00e7\u00e3o que\r\nespecifica.","dataAtualizacao":"2026-01-13 09:12:33","dataInicioVigencia":null,"dataFimVigencia":null,"data":"2026-01-12","numero":58,"categoria":"Portaria","situacao":"Em vigor","descricao":""},{"ementa":"Disp\u00f5e sobre a contrata\u00e7\u00e3o tempor\u00e1ria, do (a) Sr. (a) CHRISTIAN CARLA DE\r\nARAUJO SOUZA ROSA, em atendimento a solicita\u00e7\u00e3o da Secretaria de Educa\u00e7\u00e3o,\r\natrav\u00e9s do Processo Seletivo Simplificado n\u00ba001\/2025 - PROJETO F\u00c9RIAS, para\r\nexercer a fun\u00e7\u00e3o que especifica.","dataAtualizacao":"2026-01-13 09:12:05","dataInicioVigencia":null,"dataFimVigencia":null,"data":"2026-01-12","numero":57,"categoria":"Portaria","situacao":"Em vigor","descricao":""},{"ementa":"Disp\u00f5e sobre a contrata\u00e7\u00e3o tempor\u00e1ria, do (a) Sr. (a) APARECIDA DOS ANJOS\r\nMACHADO, em atendimento a solicita\u00e7\u00e3o da Secretaria de Educa\u00e7\u00e3o, atrav\u00e9s do\r\nProcesso Seletivo Simplificado n\u00ba001\/2025 - PROJETO F\u00c9RIAS, para exercer a\r\nfun\u00e7\u00e3o que especifica.","dataAtualizacao":"2026-01-13 09:11:28","dataInicioVigencia":null,"dataFimVigencia":null,"data":"2026-01-12","numero":56,"categoria":"Portaria","situacao":"Em vigor","descricao":""},{"ementa":"Disp\u00f5e sobre a contrata\u00e7\u00e3o tempor\u00e1ria, do (a) Sr. (a) ANDREIA DE PAULA\r\nFERRARI OLIVEIRA, em atendimento a solicita\u00e7\u00e3o da Secretaria de Educa\u00e7\u00e3o,\r\natrav\u00e9s do Processo Seletivo Simplificado n\u00ba001\/2025 - PROJETO F\u00c9RIAS, para\r\nexercer a fun\u00e7\u00e3o que especifica.","dataAtualizacao":"2026-01-13 09:10:57","dataInicioVigencia":null,"dataFimVigencia":null,"data":"2026-01-12","numero":55,"categoria":"Portaria","situacao":"Em vigor","descricao":""},{"ementa":"Disp\u00f5e sobre a contrata\u00e7\u00e3o tempor\u00e1ria, do (a) Sr. (a) ANA CAROLINA DE\r\nOLIVEIRA CANGUSSU, em atendimento a solicita\u00e7\u00e3o da Secretaria de Educa\u00e7\u00e3o,\r\natrav\u00e9s do Processo Seletivo Simplificado n\u00ba001\/2025 - PROJETO F\u00c9RIAS, para\r\nexercer a fun\u00e7\u00e3o que especifica.","dataAtualizacao":"2026-01-13 09:10:24","dataInicioVigencia":null,"dataFimVigencia":null,"data":"2026-01-12","numero":54,"categoria":"Portaria","situacao":"Em vigor","descricao":""},{"ementa":"Disp\u00f5e sobre a contrata\u00e7\u00e3o tempor\u00e1ria, do (a) Sr. (a) AMANDA CAROLINE\r\nFONTANA, em atendimento a solicita\u00e7\u00e3o da Secretaria de Educa\u00e7\u00e3o, atrav\u00e9s do\r\nProcesso Seletivo Simplificado n\u00ba001\/2025 - PROJETO F\u00c9RIAS, para exercer a\r\nfun\u00e7\u00e3o que especifica.","dataAtualizacao":"2026-01-13 09:09:46","dataInicioVigencia":null,"dataFimVigencia":null,"data":"2026-01-12","numero":53,"categoria":"Portaria","situacao":"Em vigor","descricao":""},{"ementa":"Disp\u00f5e sobre a contrata\u00e7\u00e3o tempor\u00e1ria, do (a) Sr. (a) ADRIELI JANAINA MILLA\r\nCARDOSO, em atendimento a solicita\u00e7\u00e3o da Secretaria de Educa\u00e7\u00e3o, atrav\u00e9s do\r\nProcesso Seletivo Simplificado n\u00ba001\/2025 - PROJETO F\u00c9RIAS, para exercer a\r\nfun\u00e7\u00e3o que especifica.","dataAtualizacao":"2026-01-13 09:08:52","dataInicioVigencia":null,"dataFimVigencia":null,"data":"2026-01-12","numero":52,"categoria":"Portaria","situacao":"Em vigor","descricao":""},{"ementa":"Disp\u00f5e sobre a contrata\u00e7\u00e3o tempor\u00e1ria, do (a) Sr. (a) ADRIANA COSTA DE SOUSA\r\nMANTOVANELLI, em atendimento a solicita\u00e7\u00e3o da Secretaria de Educa\u00e7\u00e3o,\r\natrav\u00e9s do Processo Seletivo Simplificado n\u00ba001\/2025 - PROJETO F\u00c9RIAS, para\r\nexercer a fun\u00e7\u00e3o que especifica.","dataAtualizacao":"2026-01-13 09:08:10","dataInicioVigencia":null,"dataFimVigencia":null,"data":"2026-01-12","numero":51,"categoria":"Portaria","situacao":"Em vigor","descricao":""},{"ementa":"Disp\u00f5e sobre a contrata\u00e7\u00e3o tempor\u00e1ria, do (a) Sr. (a) ADRIANA APARECIDA LIMA\r\nDA CRUZ, em atendimento a solicita\u00e7\u00e3o da Secretaria de Educa\u00e7\u00e3o, atrav\u00e9s do\r\nProcesso Seletivo Simplificado n\u00ba001\/2025 - PROJETO F\u00c9RIAS, para exercer a\r\nfun\u00e7\u00e3o que especifica.","dataAtualizacao":"2026-01-13 09:07:20","dataInicioVigencia":null,"dataFimVigencia":null,"data":"2026-01-12","numero":50,"categoria":"Portaria","situacao":"Em vigor","descricao":""},{"ementa":"CONCEDER F\u00c9RIAS ao (a) Sr (a). JULIANA MARCELA PESSOA PRADO.","dataAtualizacao":"2026-01-13 13:55:39","dataInicioVigencia":null,"dataFimVigencia":null,"data":"2026-01-12","numero":49,"categoria":"Portaria","situacao":"Em vigor","descricao":""},{"ementa":"CONCEDER F\u00c9RIAS ao (a) Sr (a). CRISTINA ROSA LIMA.","dataAtualizacao":"2026-01-13 13:55:13","dataInicioVigencia":null,"dataFimVigencia":null,"data":"2026-01-12","numero":48,"categoria":"Portaria","situacao":"Em vigor","descricao":""},{"ementa":"CONCEDER F\u00c9RIAS ao (a) Sr (a). LAIS MARIELY DA SILVA CRESPO.","dataAtualizacao":"2026-01-13 13:54:47","dataInicioVigencia":null,"dataFimVigencia":null,"data":"2026-01-12","numero":47,"categoria":"Portaria","situacao":"Em vigor","descricao":""},{"ementa":"CONCEDER F\u00c9RIAS ao (a) Sr (a). CRISTIANE MAEDA GONCALVES PEREIRA.","dataAtualizacao":"2026-01-13 13:54:19","dataInicioVigencia":null,"dataFimVigencia":null,"data":"2026-01-12","numero":46,"categoria":"Portaria","situacao":"Em vigor","descricao":""},{"ementa":"EXONERAR, a pedido, o (a) Sr. (a) ELISSON DANTAS NUNES, do cargo que\r\nespecifica.","dataAtualizacao":"2026-01-13 13:53:47","dataInicioVigencia":null,"dataFimVigencia":null,"data":"2026-01-12","numero":45,"categoria":"Portaria","situacao":"Em vigor","descricao":""},{"ementa":"NOMEAR, o (a) Sr (a) SIDNEY VENANCIO PEREIRA para o cargo que\r\nespecifica.","dataAtualizacao":"2026-01-13 13:53:08","dataInicioVigencia":null,"dataFimVigencia":null,"data":"2026-01-12","numero":44,"categoria":"Portaria","situacao":"Em vigor","descricao":""},{"ementa":"EXONERAR, o (a) Sr (a) JOSE ALEXANDRE BABETTO PERES, do cargo que\r\nespecifica.","dataAtualizacao":"2026-01-13 13:50:25","dataInicioVigencia":null,"dataFimVigencia":null,"data":"2026-01-12","numero":43,"categoria":"Portaria","situacao":"Em vigor","descricao":""},{"ementa":"NOMEAR, o (a) Sr (a) WALDOMIRO MARQUES DE ALMEIDA NETO para o\r\ncargo que especifica.","dataAtualizacao":"2026-01-13 13:49:49","dataInicioVigencia":null,"dataFimVigencia":null,"data":"2026-01-12","numero":42,"categoria":"Portaria","situacao":"Em vigor","descricao":""},{"ementa":"EXONERAR, o (a) Sr (a) SIDNEY VENANCIO PEREIRA, do cargo que\r\nespecifica.","dataAtualizacao":"2026-01-13 13:49:15","dataInicioVigencia":null,"dataFimVigencia":null,"data":"2026-01-12","numero":41,"categoria":"Portaria","situacao":"Em vigor","descricao":""},{"ementa":"DESIGNAR o (a) Sr (a) IASMIN SANTOS DE CARVALHO para exercer em\r\nsubstitui\u00e7\u00e3o o cargo que especifica.","dataAtualizacao":"2026-01-13 13:48:32","dataInicioVigencia":null,"dataFimVigencia":null,"data":"2026-01-12","numero":40,"categoria":"Portaria","situacao":"Em vigor","descricao":""},{"ementa":"EXONERAR, a pedido, o (a) Sr. (a) GUSTAVO ARANHA ZEQUINI, do cargo que\r\nespecifica.","dataAtualizacao":"2026-01-13 13:47:28","dataInicioVigencia":null,"dataFimVigencia":null,"data":"2026-01-08","numero":39,"categoria":"Portaria","situacao":"Em vigor","descricao":""},{"ementa":"Fixa o valor da Unidade Fiscal do Munic\u00edpio - UFM para o exerc\u00edcio de 2026.","dataAtualizacao":"2026-01-12 13:49:04","dataInicioVigencia":null,"dataFimVigencia":null,"data":"2026-01-07","numero":8152,"categoria":"Decreto","situacao":"Em vigor","descricao":""},{"ementa":"Disp\u00f5e sobre a concess\u00e3o da Gratifica\u00e7\u00e3o por Tempo Integral e Dedica\u00e7\u00e3o Exclusiva \u2013 GTIDE\r\nao(\u00e0) servidor(a) Sr.(a) VANDERLEI APARECIDO FERNANDES e d\u00e1 outras provid\u00eancias.","dataAtualizacao":"2026-01-13 09:05:59","dataInicioVigencia":null,"dataFimVigencia":null,"data":"2026-01-07","numero":38,"categoria":"Portaria","situacao":"Em vigor","descricao":""},{"ementa":"Disp\u00f5e sobre a concess\u00e3o da Gratifica\u00e7\u00e3o por Tempo Integral e Dedica\u00e7\u00e3o Exclusiva \u2013 GTIDE\r\nao(\u00e0) servidor(a) Sr.(a) THIAGO BROGNOLLO e d\u00e1 outras provid\u00eancias.","dataAtualizacao":"2026-01-13 09:04:53","dataInicioVigencia":null,"dataFimVigencia":null,"data":"2026-01-07","numero":37,"categoria":"Portaria","situacao":"Em vigor","descricao":""},{"ementa":"Disp\u00f5e sobre a concess\u00e3o da Gratifica\u00e7\u00e3o por Tempo Integral e Dedica\u00e7\u00e3o Exclusiva \u2013 GTIDE\r\nao(\u00e0) servidor(a) Sr.(a) SIDNEI DOS ANJOS e d\u00e1 outras provid\u00eancias.","dataAtualizacao":"2026-01-13 09:03:53","dataInicioVigencia":null,"dataFimVigencia":null,"data":"2026-01-07","numero":36,"categoria":"Portaria","situacao":"Em vigor","descricao":""},{"ementa":"Disp\u00f5e sobre a concess\u00e3o da Gratifica\u00e7\u00e3o por Tempo Integral e Dedica\u00e7\u00e3o Exclusiva \u2013 GTIDE\r\nao(\u00e0) servidor(a) Sr.(a) RODRIGO FRANCISCO SILVA e d\u00e1 outras provid\u00eancias.","dataAtualizacao":"2026-01-13 09:03:08","dataInicioVigencia":null,"dataFimVigencia":null,"data":"2026-01-07","numero":35,"categoria":"Portaria","situacao":"Em vigor","descricao":""},{"ementa":"Disp\u00f5e sobre a concess\u00e3o da Gratifica\u00e7\u00e3o por Tempo Integral e Dedica\u00e7\u00e3o Exclusiva \u2013 GTIDE\r\nao(\u00e0) servidor(a) Sr.(a) RAIMUNDO SOARES DE OLIVEIRA FILHO e d\u00e1 outras provid\u00eancias.","dataAtualizacao":"2026-01-13 09:02:34","dataInicioVigencia":null,"dataFimVigencia":null,"data":"2026-01-07","numero":34,"categoria":"Portaria","situacao":"Em vigor","descricao":""},{"ementa":"Disp\u00f5e sobre a concess\u00e3o da Gratifica\u00e7\u00e3o por Tempo Integral e Dedica\u00e7\u00e3o Exclusiva \u2013 GTIDE\r\nao(\u00e0) servidor(a) Sr.(a) MOISES GOMES DE SOUZA e d\u00e1 outras provid\u00eancias.","dataAtualizacao":"2026-01-13 09:01:53","dataInicioVigencia":null,"dataFimVigencia":null,"data":"2026-01-07","numero":33,"categoria":"Portaria","situacao":"Em vigor","descricao":""},{"ementa":"Disp\u00f5e sobre a concess\u00e3o da Gratifica\u00e7\u00e3o por Tempo Integral e Dedica\u00e7\u00e3o Exclusiva \u2013 GTIDE\r\nao(\u00e0) servidor(a) Sr.(a) MARCOS VINICIUS INACIO e d\u00e1 outras provid\u00eancias.","dataAtualizacao":"2026-01-13 09:01:06","dataInicioVigencia":null,"dataFimVigencia":null,"data":"2026-01-07","numero":32,"categoria":"Portaria","situacao":"Em vigor","descricao":""},{"ementa":"Disp\u00f5e sobre a concess\u00e3o da Gratifica\u00e7\u00e3o por Tempo Integral e Dedica\u00e7\u00e3o Exclusiva \u2013 GTIDE\r\nao(\u00e0) servidor(a) Sr.(a) MARCIO FERREIRA DOMINGOS e d\u00e1 outras provid\u00eancias.","dataAtualizacao":"2026-01-13 08:57:37","dataInicioVigencia":null,"dataFimVigencia":null,"data":"2026-01-07","numero":31,"categoria":"Portaria","situacao":"Em vigor","descricao":""},{"ementa":"Disp\u00f5e sobre a concess\u00e3o da Gratifica\u00e7\u00e3o por Tempo Integral e Dedica\u00e7\u00e3o Exclusiva \u2013 GTIDE\r\nao(\u00e0) servidor(a) Sr.(a) LUCIANO LOPES MALDONADO e d\u00e1 outras provid\u00eancias.","dataAtualizacao":"2026-01-13 08:56:11","dataInicioVigencia":null,"dataFimVigencia":null,"data":"2026-01-07","numero":30,"categoria":"Portaria","situacao":"Em vigor","descricao":""},{"ementa":"Disp\u00f5e sobre a concess\u00e3o da Gratifica\u00e7\u00e3o por Tempo Integral e Dedica\u00e7\u00e3o Exclusiva \u2013 GTIDE\r\nao(\u00e0) servidor(a) Sr.(a) LEANDRO VIEIRA NASCIMENTO e d\u00e1 outras provid\u00eancias.","dataAtualizacao":"2026-01-13 08:55:39","dataInicioVigencia":null,"dataFimVigencia":null,"data":"2026-01-07","numero":29,"categoria":"Portaria","situacao":"Em vigor","descricao":""},{"ementa":"Disp\u00f5e sobre a concess\u00e3o da Gratifica\u00e7\u00e3o por Tempo Integral e Dedica\u00e7\u00e3o Exclusiva \u2013 GTIDE\r\nao(\u00e0) servidor(a) Sr.(a) LAERCIO DE FAVERI e d\u00e1 outras provid\u00eancias.","dataAtualizacao":"2026-01-13 08:55:09","dataInicioVigencia":null,"dataFimVigencia":null,"data":"2026-01-07","numero":28,"categoria":"Portaria","situacao":"Em vigor","descricao":""},{"ementa":"Disp\u00f5e sobre a concess\u00e3o da Gratifica\u00e7\u00e3o por Tempo Integral e Dedica\u00e7\u00e3o Exclusiva \u2013 GTIDE\r\nao(\u00e0) servidor(a) Sr.(a) JOSE CARLOS DOS SANTOS e d\u00e1 outras provid\u00eancias.","dataAtualizacao":"2026-01-13 08:52:43","dataInicioVigencia":null,"dataFimVigencia":null,"data":"2026-01-07","numero":27,"categoria":"Portaria","situacao":"Em vigor","descricao":""},{"ementa":"Disp\u00f5e sobre a concess\u00e3o da Gratifica\u00e7\u00e3o por Tempo Integral e Dedica\u00e7\u00e3o Exclusiva \u2013 GTIDE\r\nao(\u00e0) servidor(a) Sr.(a) JAIR ALVES DE AZEVEDO e d\u00e1 outras provid\u00eancias.","dataAtualizacao":"2026-01-13 08:52:02","dataInicioVigencia":null,"dataFimVigencia":null,"data":"2026-01-07","numero":26,"categoria":"Portaria","situacao":"Em vigor","descricao":""},{"ementa":"Disp\u00f5e sobre a concess\u00e3o da Gratifica\u00e7\u00e3o por Tempo Integral e Dedica\u00e7\u00e3o Exclusiva \u2013 GTIDE\r\nao(\u00e0) servidor(a) Sr.(a) HIGOR TOSSATO e d\u00e1 outras provid\u00eancias.","dataAtualizacao":"2026-01-13 08:49:31","dataInicioVigencia":null,"dataFimVigencia":null,"data":"2026-01-07","numero":25,"categoria":"Portaria","situacao":"Em vigor","descricao":""},{"ementa":"Disp\u00f5e sobre a concess\u00e3o da Gratifica\u00e7\u00e3o por Tempo Integral e Dedica\u00e7\u00e3o Exclusiva \u2013 GTIDE\r\nao(\u00e0) servidor(a) Sr.(a) HEOMAR MACIEL COLANTONIO e d\u00e1 outras provid\u00eancias.","dataAtualizacao":"2026-01-13 08:48:42","dataInicioVigencia":null,"dataFimVigencia":null,"data":"2026-01-07","numero":24,"categoria":"Portaria","situacao":"Em vigor","descricao":""},{"ementa":"Disp\u00f5e sobre a concess\u00e3o da Gratifica\u00e7\u00e3o por Tempo Integral e Dedica\u00e7\u00e3o Exclusiva \u2013 GTIDE\r\nao(\u00e0) servidor(a) Sr.(a) HELIO ZANATA JUNIOR e d\u00e1 outras provid\u00eancias.","dataAtualizacao":"2026-01-13 08:47:48","dataInicioVigencia":null,"dataFimVigencia":null,"data":"2026-01-07","numero":23,"categoria":"Portaria","situacao":"Em vigor","descricao":""},{"ementa":"Disp\u00f5e sobre a concess\u00e3o da Gratifica\u00e7\u00e3o por Tempo Integral e Dedica\u00e7\u00e3o Exclusiva \u2013 GTIDE\r\nao(\u00e0) servidor(a) Sr.(a) GETULIO DE AGUIAR CAROLINO e d\u00e1 outras provid\u00eancias.","dataAtualizacao":"2026-01-13 08:46:08","dataInicioVigencia":null,"dataFimVigencia":null,"data":"2026-01-07","numero":22,"categoria":"Portaria","situacao":"Em vigor","descricao":""},{"ementa":"Disp\u00f5e sobre a concess\u00e3o da Gratifica\u00e7\u00e3o por Tempo Integral e Dedica\u00e7\u00e3o Exclusiva \u2013 GTIDE\r\nao(\u00e0) servidor(a) Sr.(a) FABIO GATTO e d\u00e1 outras provid\u00eancias.","dataAtualizacao":"2026-01-13 08:45:25","dataInicioVigencia":null,"dataFimVigencia":null,"data":"2026-01-07","numero":21,"categoria":"Portaria","situacao":"Em vigor","descricao":""},{"ementa":"Disp\u00f5e sobre a concess\u00e3o da Gratifica\u00e7\u00e3o por Tempo Integral e Dedica\u00e7\u00e3o Exclusiva \u2013 GTIDE\r\nao(\u00e0) servidor(a) Sr.(a) EDMILSON MARTINS DE ARAUJO e d\u00e1 outras provid\u00eancias.","dataAtualizacao":"2026-01-13 08:43:33","dataInicioVigencia":null,"dataFimVigencia":null,"data":"2026-01-07","numero":20,"categoria":"Portaria","situacao":"Em vigor","descricao":""},{"ementa":"Disp\u00f5e sobre a concess\u00e3o da Gratifica\u00e7\u00e3o por Tempo Integral e Dedica\u00e7\u00e3o Exclusiva \u2013 GTIDE\r\nao(\u00e0) servidor(a) Sr.(a) CLEBER BARBADO e d\u00e1 outras provid\u00eancias.","dataAtualizacao":"2026-01-13 08:42:18","dataInicioVigencia":null,"dataFimVigencia":null,"data":"2026-01-07","numero":19,"categoria":"Portaria","situacao":"Em vigor","descricao":""},{"ementa":"Disp\u00f5e sobre a concess\u00e3o da Gratifica\u00e7\u00e3o por Tempo Integral e Dedica\u00e7\u00e3o Exclusiva \u2013 GTIDE\r\nao(\u00e0) servidor(a) Sr.(a) CLAUDIO CESAR FRUZER GROSSO e d\u00e1 outras provid\u00eancias.","dataAtualizacao":"2026-01-13 08:41:37","dataInicioVigencia":null,"dataFimVigencia":null,"data":"2026-01-07","numero":18,"categoria":"Portaria","situacao":"Em vigor","descricao":""},{"ementa":"Disp\u00f5e sobre a concess\u00e3o da Gratifica\u00e7\u00e3o por Tempo Integral e Dedica\u00e7\u00e3o Exclusiva \u2013 GTIDE\r\nao(\u00e0) servidor(a) Sr.(a) ALEXANDRE ROBERTO SARSETTA e d\u00e1 outras provid\u00eancias.","dataAtualizacao":"2026-01-13 08:41:05","dataInicioVigencia":null,"dataFimVigencia":null,"data":"2026-01-07","numero":17,"categoria":"Portaria","situacao":"Em vigor","descricao":""},{"ementa":"Disp\u00f5e sobre a concess\u00e3o da Gratifica\u00e7\u00e3o por Tempo Integral e Dedica\u00e7\u00e3o Exclusiva \u2013 GTIDE\r\nao(\u00e0) servidor(a) Sr.(a) ALESSANDRA MOREIRA DE SOUZA DO VALE e d\u00e1 outras provid\u00eancias.","dataAtualizacao":"2026-01-13 08:40:22","dataInicioVigencia":null,"dataFimVigencia":null,"data":"2026-01-07","numero":16,"categoria":"Portaria","situacao":"Em vigor","descricao":""},{"ementa":"Disp\u00f5e sobre a concess\u00e3o da Gratifica\u00e7\u00e3o por Tempo Integral e Dedica\u00e7\u00e3o Exclusiva \u2013 GTIDE\r\nao(\u00e0) servidor(a) Sr.(a) ALDEMIR PEREIRA DE OLIVEIRA e d\u00e1 outras provid\u00eancias.","dataAtualizacao":"2026-01-13 08:38:53","dataInicioVigencia":null,"dataFimVigencia":null,"data":"2026-01-07","numero":15,"categoria":"Portaria","situacao":"Em vigor","descricao":""},{"ementa":"Disp\u00f5e sobre a concess\u00e3o da Gratifica\u00e7\u00e3o por Tempo Integral e Dedica\u00e7\u00e3o Exclusiva \u2013 GTIDE\r\nao(\u00e0) servidor(a) Sr.(a) ADRIANO DE ALMEIDA e d\u00e1 outras provid\u00eancias.","dataAtualizacao":"2026-01-13 08:37:56","dataInicioVigencia":null,"dataFimVigencia":null,"data":"2026-01-07","numero":14,"categoria":"Portaria","situacao":"Em vigor","descricao":""},{"ementa":"CONCEDER F\u00c9RIAS ao (a) Sr (a). EDVALDO DOS SANTOS SANTANA.","dataAtualizacao":"2026-01-13 13:46:39","dataInicioVigencia":null,"dataFimVigencia":null,"data":"2026-01-07","numero":13,"categoria":"Portaria","situacao":"Em vigor","descricao":""},{"ementa":"CONVOCA FUNCION\u00c1RIO PARA PRESTA\u00c7\u00c3O DE HORAS EXTRAS.","dataAtualizacao":"2026-01-13 13:46:09","dataInicioVigencia":null,"dataFimVigencia":null,"data":"2026-01-07","numero":12,"categoria":"Portaria","situacao":"Em vigor","descricao":""},{"ementa":"Autoriza o Poder Executivo a repassar recurso financeiro, oriundo de Emenda Parlamentar, \u00e0 entidade, conforme especifica.\r\nAPAE","dataAtualizacao":"2026-01-12 14:04:12","dataInicioVigencia":null,"dataFimVigencia":null,"data":"2026-01-06","numero":5261,"categoria":"Lei Ordin\u00e1ria","situacao":"Em vigor","descricao":""},{"ementa":"Disp\u00f5e sobre autoriza\u00e7\u00e3o para a celebra\u00e7\u00e3o de conv\u00eanio com o Munic\u00edpio de Irapuru\/SP e d\u00e1 outras provid\u00eancias.","dataAtualizacao":"2026-01-12 13:56:34","dataInicioVigencia":null,"dataFimVigencia":null,"data":"2026-01-06","numero":5260,"categoria":"Lei Ordin\u00e1ria","situacao":"Em vigor","descricao":""},{"ementa":"Disp\u00f5e sobre prorroga\u00e7\u00e3o de prazo para t\u00e9rmino das constru\u00e7\u00f5es em Distrito Comercial e Industrial e d\u00e1 outras provid\u00eancias.","dataAtualizacao":"2026-01-12 13:52:18","dataInicioVigencia":null,"dataFimVigencia":null,"data":"2026-01-06","numero":640,"categoria":"Lei Complementar","situacao":"Em vigor","descricao":""},{"ementa":"Disp\u00f5e sobre a Programa\u00e7\u00e3o Financeira e o Cronograma de Execu\u00e7\u00e3o Mensal de Desembolso, conforme o art 7\u00ba, da Lei Org\u00e2nica Municipal, e tendo em vista o art. 8\u00ba, da Lei Complementar Federal n\u00ba 101, de 4 de maio de 2020.","dataAtualizacao":"2026-01-12 16:46:55","dataInicioVigencia":null,"dataFimVigencia":null,"data":"2026-01-05","numero":8150,"categoria":"Decreto","situacao":"Em vigor","descricao":""},{"ementa":"NOMEAR, o (a) Sr (a) HELAINE PATRICIA CARDOSO SILVA ZAMAIO para o\r\ncargo que especifica.","dataAtualizacao":"2026-01-13 13:45:36","dataInicioVigencia":null,"dataFimVigencia":null,"data":"2026-01-05","numero":11,"categoria":"Portaria","situacao":"Em vigor","descricao":""},{"ementa":"DESIGNAR o (a) Sr (a) BRUNA RISSETE FERRO para exercer em substitui\u00e7\u00e3o\r\no cargo que especifica.","dataAtualizacao":"2026-01-13 13:43:52","dataInicioVigencia":null,"dataFimVigencia":null,"data":"2026-01-05","numero":10,"categoria":"Portaria","situacao":"Em vigor","descricao":""},{"ementa":"EXONERAR, a pedido, o (a) Sr. (a) NATALIA CRISTINA NAGATANI, do cargo\r\nque especifica.","dataAtualizacao":"2026-01-13 13:43:23","dataInicioVigencia":null,"dataFimVigencia":null,"data":"2026-01-05","numero":9,"categoria":"Portaria","situacao":"Em vigor","descricao":""},{"ementa":"DESIGNAR o (a) Sr (a) ALEXANDRE AUGUSTO TORRES para exercer em\r\nsubstitui\u00e7\u00e3o o cargo que especifica.","dataAtualizacao":"2026-01-21 13:45:47","dataInicioVigencia":null,"dataFimVigencia":null,"data":"2026-01-05","numero":9,"categoria":"Portaria","situacao":"Em vigor","descricao":""},{"ementa":"DESIGNAR o (a) Sr (a) ELISMAR REGINA MOREIRA, para exercer interinamente o\r\ncargo que especifica.","dataAtualizacao":"2026-01-13 13:42:40","dataInicioVigencia":null,"dataFimVigencia":null,"data":"2026-01-05","numero":8,"categoria":"Portaria","situacao":"Em vigor","descricao":""},{"ementa":"CONCEDER F\u00c9RIAS ao (a) Sr (a). ANA LUCIA FUZER.","dataAtualizacao":"2026-02-03 10:07:38","dataInicioVigencia":null,"dataFimVigencia":null,"data":"2026-01-05","numero":8,"categoria":"Portaria","situacao":"Em vigor","descricao":""},{"ementa":"DESIGNAR o (a) Sr (a) BEATRIZ REZENDE PEREIRA SOUZA para exercer em\r\nsubstitui\u00e7\u00e3o o cargo que especifica.","dataAtualizacao":"2026-01-13 13:42:10","dataInicioVigencia":null,"dataFimVigencia":null,"data":"2026-01-05","numero":7,"categoria":"Portaria","situacao":"Em vigor","descricao":""},{"ementa":"NOMEAR, o (a) Sr (a) MAILSON ANTONIO DA QUINTA BOTELHO para o cargo\r\nque especifica.","dataAtualizacao":"2026-01-13 13:41:41","dataInicioVigencia":null,"dataFimVigencia":null,"data":"2026-01-05","numero":6,"categoria":"Portaria","situacao":"Em vigor","descricao":""},{"ementa":"EXONERAR, o (a) Sr (a) MAILSON ANTONIO DA QUINTA BOTELHO, do cargo\r\nque especifica.","dataAtualizacao":"2026-01-13 13:41:10","dataInicioVigencia":null,"dataFimVigencia":null,"data":"2026-01-05","numero":5,"categoria":"Portaria","situacao":"Em vigor","descricao":""},{"ementa":"REVOGAR PORTARIA DRH\/N\u00ba 989\/2025 que designou o Sr. THIAGO\r\nVICENTE DOS SANTOS para exercer interinamente o cargo que especifica.","dataAtualizacao":"2026-01-13 13:40:40","dataInicioVigencia":null,"dataFimVigencia":null,"data":"2026-01-05","numero":4,"categoria":"Portaria","situacao":"Em vigor","descricao":""},{"ementa":"EXONERAR, a pedido, o (a) Sr. (a) ROSANA SANTOS DA SILVA CRISTOFANI,\r\ndo cargo que especifica.","dataAtualizacao":"2026-01-13 13:39:52","dataInicioVigencia":null,"dataFimVigencia":null,"data":"2026-01-05","numero":3,"categoria":"Portaria","situacao":"Em vigor","descricao":""},{"ementa":"CONCEDER LICEN\u00c7A M\u00c9DICA ao (a) Sr (a). ANA CAROLINA DE CARVALHO.","dataAtualizacao":"2026-01-13 13:38:45","dataInicioVigencia":null,"dataFimVigencia":null,"data":"2026-01-05","numero":2,"categoria":"Portaria","situacao":"Em vigor","descricao":""},{"ementa":"CONCEDER LICEN\u00c7A M\u00c9DICA ao (a) Sr (a). JACQUELINE MARIA DE SOUZA.","dataAtualizacao":"2026-01-13 13:38:17","dataInicioVigencia":null,"dataFimVigencia":null,"data":"2026-01-05","numero":1,"categoria":"Portaria","situacao":"Em vigor","descricao":""},{"ementa":"NOMEAR, o (a) Sr (a) GRAZIELY DA SILVA GAMA NOVAES para o cargo que\r\nespecifica.","dataAtualizacao":"2026-01-28 08:01:41","dataInicioVigencia":null,"dataFimVigencia":null,"data":"2026-01-05","numero":1,"categoria":"Portaria","situacao":"Em vigor","descricao":""},{"ementa":"Nomeia Comiss\u00e3o Fiscalizadora do Processo Seletivo Simplificado n\u00ba 001\/2026, para contrata\u00e7\u00e3o tempor\u00e1ria pela Administra\u00e7\u00e3o Municipal.","dataAtualizacao":"2026-01-12 13:46:58","dataInicioVigencia":null,"dataFimVigencia":null,"data":"2025-12-30","numero":8148,"categoria":"Decreto","situacao":"Em vigor","descricao":""},{"ementa":"DESIGNAR o (a) Sr (a) ROSELI APARECIDA DA SILVA CECILIO para exercer em\r\nsubstitui\u00e7\u00e3o o cargo que especifica.","dataAtualizacao":"2026-01-12 16:35:45","dataInicioVigencia":null,"dataFimVigencia":null,"data":"2025-12-30","numero":1917,"categoria":"Portaria","situacao":"Em vigor","descricao":""},{"ementa":"DESIGNA o (a) servidor (a) para prestar servi\u00e7os junto ao CART\u00d3RIO ELEITORAL \u2013\r\n149\u00aa Zona Eleitoral de Dracena.","dataAtualizacao":"2026-01-12 16:35:02","dataInicioVigencia":null,"dataFimVigencia":null,"data":"2025-12-30","numero":1916,"categoria":"Portaria","situacao":"Em vigor","descricao":""},{"ementa":"Disp\u00f5e sobre a inclus\u00e3o do artigo 5\u00ba- A, ao Decreto n\u00ba 7.878 de 08 de fevereiro de 2024, conforme especifica.","dataAtualizacao":"2026-01-06 14:05:23","dataInicioVigencia":null,"dataFimVigencia":null,"data":"2025-12-29","numero":8147,"categoria":"Decreto","situacao":"Em vigor","descricao":""},{"ementa":"Disp\u00f5e sobre aprova\u00e7\u00e3o do Plano Anual de Contrata\u00e7\u00f5es P\u00fablicas para o exerc\u00edcio de 2026 e d\u00e1 outras provid\u00eancias.","dataAtualizacao":"2026-01-06 14:03:27","dataInicioVigencia":null,"dataFimVigencia":null,"data":"2025-12-29","numero":8146,"categoria":"Decreto","situacao":"Em vigor","descricao":""},{"ementa":"Institui o programa &quot;Banco de ra\u00e7\u00e3o e utens\u00edlios para animais&quot;, no munic\u00edpio de\r\nDracena e d\u00e1 outras provid\u00eancias.","dataAtualizacao":"2026-01-07 14:12:43","dataInicioVigencia":null,"dataFimVigencia":null,"data":"2025-12-26","numero":5259,"categoria":"Lei Ordin\u00e1ria","situacao":"Em vigor","descricao":""},{"ementa":"Disp\u00f5e sobre a aceita\u00e7\u00e3o de receitas m\u00e9dicas por profissionais da sa\u00fade n\u00e3o\r\nvinculados ao SUS para fornecimentos de medicamentos pela rede p\u00fablica de\r\nsa\u00fade do munic\u00edpio de Dracena.","dataAtualizacao":"2026-01-07 14:09:09","dataInicioVigencia":null,"dataFimVigencia":null,"data":"2025-12-26","numero":5258,"categoria":"Lei Ordin\u00e1ria","situacao":"Em vigor","descricao":""},{"ementa":"Disp\u00f5e sobre aprova\u00e7\u00e3o definitiva do Condom\u00ednio Horizontal de Acesso Restrito de Lotes denominado \u201cRESIDENCIAL DAKOTA\u201d.","dataAtualizacao":"2026-01-06 14:01:34","dataInicioVigencia":null,"dataFimVigencia":null,"data":"2025-12-22","numero":8145,"categoria":"Decreto","situacao":"Em vigor","descricao":""},{"ementa":"Disp\u00f5e sobre aprova\u00e7\u00e3o definitiva do Plano Urban\u00edstico e do Projeto de Loca\u00e7\u00e3o Topogr\u00e1fica do Loteamento de Interesse Social denominado \u201cJARDIM NOVA ERA\u201d.","dataAtualizacao":"2026-01-06 13:59:44","dataInicioVigencia":null,"dataFimVigencia":null,"data":"2025-12-22","numero":8143,"categoria":"Decreto","situacao":"Em vigor","descricao":""},{"ementa":"Disp\u00f5e sobre desdobro e altera\u00e7\u00e3o da finalidade de afeta\u00e7\u00e3o de \u00e1rea do Munic\u00edpio de Dracena, conforme especifica e d\u00e1 outras provid\u00eancias.\r\nPo\u00e7o e reservat\u00f3rio para EMDAEP","dataAtualizacao":"2026-01-07 14:07:19","dataInicioVigencia":null,"dataFimVigencia":null,"data":"2025-12-17","numero":5257,"categoria":"Lei Ordin\u00e1ria","situacao":"Em vigor","descricao":""},{"ementa":"Disp\u00f5e sobre a contrata\u00e7\u00e3o tempor\u00e1ria, do (a) Sr (a) FERNANDA CRISTINA\r\nNUNES BARBI em atendimento a solicita\u00e7\u00e3o da Secretaria de Sa\u00fade e Higiene\r\nP\u00fablica, atrav\u00e9s do Edital n\u00ba 001\/2023, que especifica e d\u00e1 outras provid\u00eancias.","dataAtualizacao":"2026-01-13 13:56:47","dataInicioVigencia":null,"dataFimVigencia":null,"data":"2025-12-17","numero":1894,"categoria":"Portaria","situacao":"Em vigor","descricao":""},{"ementa":"Nomeia membros para constituir o Conselho Municipal de Meio Ambiente.","dataAtualizacao":"2026-03-24 15:27:56","dataInicioVigencia":null,"dataFimVigencia":null,"data":"2025-11-27","numero":8137,"categoria":"Decreto","situacao":"Em vigor","descricao":""},{"ementa":"Declara ponto facultativo conforme especifica.\r\n28.10.25","dataAtualizacao":"2026-01-15 09:59:44","dataInicioVigencia":null,"dataFimVigencia":null,"data":"2025-10-15","numero":8124,"categoria":"Decreto","situacao":"Em vigor","descricao":""},{"ementa":"Nomeia os membros para constitu\u00edrem o Conselho Diretor do PRODES \u2013 Programa de Desenvolvimento Sustent\u00e1vel, conforme especifica.","dataAtualizacao":"2026-03-20 13:41:41","dataInicioVigencia":null,"dataFimVigencia":null,"data":"2025-05-26","numero":8070,"categoria":"Decreto","situacao":"Em vigor","descricao":""},{"ementa":"Disp\u00f5e sobre a constitui\u00e7\u00e3o do Conselho Municipal de Prote\u00e7\u00e3o e Bem Estar Animal.","dataAtualizacao":"2026-04-08 10:22:22","dataInicioVigencia":null,"dataFimVigencia":null,"data":"2025-04-15","numero":8050,"categoria":"Decreto","situacao":"Em vigor","descricao":""},{"ementa":"Nomeia os membros e seus respectivos suplentes para constitu\u00edrem o Conselho Fiscal da EMDAEP - Empresa de Desenvolvimento, \u00c1gua, Esgoto e Pavimenta\u00e7\u00e3o de Dracena e d\u00e1 outras provid\u00eancias.","dataAtualizacao":"2026-04-08 10:07:25","dataInicioVigencia":null,"dataFimVigencia":null,"data":"2025-02-04","numero":8015,"categoria":"Decreto","situacao":"Em vigor","descricao":""},{"ementa":"Regulamenta o inciso VII, do \u201ccaput\u201d do art. 12 da Lei n\u00ba 14.133, de 1\u00ba de abril de 2021, para dispor sobre o plano de contrata\u00e7\u00f5es anual e instituir o Sistema de Planejamento e Gerenciamento de Contrata\u00e7\u00f5es no \u00e2mbito da administra\u00e7\u00e3o p\u00fablica municipal de Dracena e d\u00e1 outras provid\u00eancias.","dataAtualizacao":"2026-04-08 09:59:11","dataInicioVigencia":null,"dataFimVigencia":null,"data":"2025-01-20","numero":8000,"categoria":"Decreto","situacao":"Revogada Totalmente","descricao":""},{"ementa":"Disp\u00f5e sobre a regulamenta\u00e7\u00e3o da Lei Municipal n\u00ba. 5.093, de 28 de novembro de 2023, a qual institui o Centro de Seguran\u00e7a e Intelig\u00eancia - CSI - no Munic\u00edpio de Dracena e d\u00e1 outras provid\u00eancias.","dataAtualizacao":"2026-01-06 14:13:49","dataInicioVigencia":null,"dataFimVigencia":null,"data":"2024-02-08","numero":7878,"categoria":"Decreto","situacao":"Em vigor","descricao":""},{"ementa":"Disp\u00f5e sobre a doa\u00e7\u00e3o de bens m\u00f3veis municipais \u00e0 Cooperativa de Trabalho e Reciclagem de Res\u00edduos S\u00f3lidos de Dracena - COTRARES e ao Servi\u00e7o Nacional de Aprendizagem Industrial - SENAI, conforme especifica.","dataAtualizacao":"2026-03-03 14:29:10","dataInicioVigencia":null,"dataFimVigencia":null,"data":"2023-10-20","numero":7825,"categoria":"Decreto","situacao":"Em vigor","descricao":""},{"ementa":"Disp\u00f5e sobre a reestrutura\u00e7\u00e3o do Conselho Municipal de Turismo e d\u00e1 outras provid\u00eancias.\u00a0","dataAtualizacao":"2026-02-19 08:58:01","dataInicioVigencia":null,"dataFimVigencia":null,"data":"2023-08-02","numero":5060,"categoria":"Lei Ordin\u00e1ria","situacao":"Em vigor","descricao":""},{"ementa":"Disp\u00f5e sobre a regulariza\u00e7\u00e3o dos per\u00edodos de f\u00e9rias regulares e f\u00e9rias acumuladas em desconformidade com o disposto no artigo 68, da Lei Complementar n.\u00ba 02, de 6 de maio de 1992 e d\u00e1 outras provid\u00eancias.","dataAtualizacao":"2026-04-22 14:43:58","dataInicioVigencia":null,"dataFimVigencia":null,"data":"2023-05-02","numero":7742,"categoria":"Decreto","situacao":"Em vigor","descricao":""},{"ementa":"Disp\u00f5e sobre o estabelecimento da estrutura e o funcionamento do Conselho Tutelar de Dracena e d\u00e1 outras provid\u00eancias.","dataAtualizacao":"2026-04-08 09:57:57","dataInicioVigencia":null,"dataFimVigencia":null,"data":"2023-03-31","numero":5022,"categoria":"Lei Ordin\u00e1ria","situacao":"Em vigor","descricao":""},{"ementa":"Disp\u00f5e sobre altera\u00e7\u00e3o nos incisos II e III, do art. 3\u00ba, da Lei n\u00ba 2.842\/1999, com nova reda\u00e7\u00e3o dada pela Lei n\u00ba 4.777\/2019, conforme especifica.","dataAtualizacao":"2026-03-04 15:43:24","dataInicioVigencia":null,"dataFimVigencia":null,"data":"2021-05-11","numero":4863,"categoria":"Lei Ordin\u00e1ria","situacao":"Revogada Totalmente","descricao":""},{"ementa":"Disp\u00f5e sobre autoriza\u00e7\u00e3o ao Poder Executivo para adquirir por desapropria\u00e7\u00e3o amig\u00e1vel ou judicial, \u00e1reas de terras que especifica e d\u00e1 outras provid\u00eancias.","dataAtualizacao":"2026-03-04 09:28:56","dataInicioVigencia":null,"dataFimVigencia":null,"data":"2013-09-10","numero":4182,"categoria":"Lei Ordin\u00e1ria","situacao":"Em vigor","descricao":""},{"ementa":"Regulamenta a Lei Municipal n\u00ba 3.813, de 01.10. 2010, que autorizou a concess\u00e3o de est\u00e1gios para estudantes residentes no Munic\u00edpio de Dracena e d\u00e1 outras provid\u00eancias.","dataAtualizacao":"2026-04-29 09:59:13","dataInicioVigencia":null,"dataFimVigencia":null,"data":"2010-10-01","numero":5890,"categoria":"Decreto","situacao":"Em vigor","descricao":""},{"ementa":"Disp\u00f5e sobre a autoriza\u00e7\u00e3o para a concess\u00e3o de est\u00e1gios para estudantes que residam no Munic\u00edpio de Dracena e d\u00e1 outras provid\u00eancias.","dataAtualizacao":"2026-04-29 10:01:46","dataInicioVigencia":null,"dataFimVigencia":null,"data":"2010-10-01","numero":3813,"categoria":"Lei Ordin\u00e1ria","situacao":"Em vigor","descricao":""},{"ementa":"Institui a Nota Fiscal Eletr\u00f4nica de Servi\u00e7os e disp\u00f5e sobre a gera\u00e7\u00e3o e utiliza\u00e7\u00e3o de cr\u00e9ditos tribut\u00e1rios para tomadores de servi\u00e7os, nos termos que especifica.","dataAtualizacao":"2026-04-08 09:52:12","dataInicioVigencia":null,"dataFimVigencia":null,"data":"2010-08-27","numero":3801,"categoria":"Lei Ordin\u00e1ria","situacao":"Revogada Totalmente","descricao":""},{"ementa":"Autoria: Vereadores Pedro Gon\u00e7alves Vieira, Ademir Ussifatti, Claudinei Millan Pessoa e Rodrigo Castilho Soares\r\nD\u00e1 nova reda\u00e7\u00e3o ao artigo 1\u00ba da Lei n.\u00ba 2207, de 16\/10\/1991, que autoriza o Prefeito Municipal a fazer doa\u00e7\u00e3o de terra e d\u00e1 outras provid\u00eancias.","dataAtualizacao":"2026-01-15 08:31:46","dataInicioVigencia":null,"dataFimVigencia":null,"data":"2009-12-16","numero":3735,"categoria":"Lei Ordin\u00e1ria","situacao":"Revogada Totalmente","descricao":""},{"ementa":"Disp\u00f5e sobre autoriza\u00e7\u00e3o ao Poder Executivo a firmar conv\u00eanios  com Institui\u00e7\u00f5es de Ensino Fundamental, M\u00e9dio, T\u00e9cnico e Superior  e d\u00e1 outras provid\u00eancias.","dataAtualizacao":"2026-04-29 10:06:01","dataInicioVigencia":null,"dataFimVigencia":null,"data":"2008-12-19","numero":3619,"categoria":"Lei Ordin\u00e1ria","situacao":"Em vigor","descricao":""},{"ementa":"Institui o Conselho Municipal de Desenvolvimento Rural e d\u00e1 provid\u00eancias correlatas.","dataAtualizacao":"2026-03-04 15:56:45","dataInicioVigencia":null,"dataFimVigencia":null,"data":"1999-11-24","numero":2842,"categoria":"Lei Ordin\u00e1ria","situacao":"Em vigor","descricao":""},{"ementa":"Autoriza o Prefeito Municipal a fazer doa\u00e7\u00e3o de terra e d\u00e1 outras provid\u00eancias.","dataAtualizacao":"2026-01-15 08:31:01","dataInicioVigencia":null,"dataFimVigencia":null,"data":"1991-10-16","numero":2207,"categoria":"Lei Ordin\u00e1ria","situacao":"Revogada Totalmente","descricao":""},{"ementa":"Disciplina a incid\u00eancia, cobran\u00e7a, arrecada\u00e7\u00e3o e fiscaliza\u00e7\u00e3o do     Imposto Sobre a Propriedade Predial e Territorial Urbana  -  IPTU.","dataAtualizacao":"2026-04-06 10:12:48","dataInicioVigencia":null,"dataFimVigencia":null,"data":"1989-12-15","numero":1965,"categoria":"Lei Ordin\u00e1ria","situacao":"Em vigor","descricao":""},{"ementa":"Disciplina a cobran\u00e7a de corre\u00e7\u00e3o monet\u00e1ria, juros de mora, multas de mora e multas punitivas no pagamento de tributos municipais.","dataAtualizacao":"2026-03-09 10:33:13","dataInicioVigencia":null,"dataFimVigencia":null,"data":"1989-06-28","numero":1892,"categoria":"Lei Ordin\u00e1ria","situacao":"Em vigor","descricao":""}]}